{"id":10206,"date":"2023-12-04T21:52:27","date_gmt":"2023-12-04T21:52:27","guid":{"rendered":"https:\/\/mifavorita.com.pa\/2017\/?p=10206"},"modified":"2023-12-04T21:52:29","modified_gmt":"2023-12-04T21:52:29","slug":"jovenes-reciben-beneficios-en-la-ultima-entrega-del-2023-del-programa-de-asistencia-educativa-del-ipacoop","status":"publish","type":"post","link":"https:\/\/mifavorita.com.pa\/2017\/jovenes-reciben-beneficios-en-la-ultima-entrega-del-2023-del-programa-de-asistencia-educativa-del-ipacoop\/","title":{"rendered":"J\u00d3VENES RECIBEN BENEFICIOS EN LA \u00daLTIMA ENTREGA DEL 2023 DEL PROGRAMA DE ASISTENCIA EDUCATIVA DEL IPACOOP"},"content":{"rendered":"\n<p>DAMGELA DE LE\u00d3N&nbsp;<\/p>\n\n\n\n<p>Un total de 44 j\u00f3venes coclesanos fueron beneficiados con la \u00faltima entrega de beneficios del a\u00f1o 2023 del programa de asistencia educativa del Instituto Paname\u00f1o Aut\u00f3nomo Cooperativo, el cual ofrece un apoyo econ\u00f3mico a miembros de cooperativas escolares y tambi\u00e9n a hijos de cooperativistas.&nbsp;<\/p>\n\n\n\n<p>Para esta ronda, aplicaron a nivel nacional 2 mil 500 estudiantes, y se aprobaron mil 250 beneficiarios, es decir un 50%, pero se espera que en el 2024 se pueda aumentar el presupuesto para este programa. <\/p>\n\n\n\n<figure class=\"wp-block-image size-large\"><img fetchpriority=\"high\" decoding=\"async\" width=\"1024\" height=\"768\" src=\"https:\/\/mifavorita.com.pa\/2017\/wp-content\/uploads\/2023\/12\/0776c697-a898-4b45-affc-df7146a0b022-1-1024x768.jpg\" class=\"wp-image-10204\" srcset=\"https:\/\/mifavorita.com.pa\/2017\/wp-content\/uploads\/2023\/12\/0776c697-a898-4b45-affc-df7146a0b022-1-1024x768.jpg 1024w, https:\/\/mifavorita.com.pa\/2017\/wp-content\/uploads\/2023\/12\/0776c697-a898-4b45-affc-df7146a0b022-1-300x225.jpg 300w, https:\/\/mifavorita.com.pa\/2017\/wp-content\/uploads\/2023\/12\/0776c697-a898-4b45-affc-df7146a0b022-1-768x576.jpg 768w, https:\/\/mifavorita.com.pa\/2017\/wp-content\/uploads\/2023\/12\/0776c697-a898-4b45-affc-df7146a0b022-1-1200x900.jpg 1200w, https:\/\/mifavorita.com.pa\/2017\/wp-content\/uploads\/2023\/12\/0776c697-a898-4b45-affc-df7146a0b022-1.jpg 1280w\" sizes=\"(max-width: 1024px) 100vw, 1024px\" \/><\/figure>\n\n\n\n<p>Este programa ha procurado evaluar a profundidad las necesidades socioecon\u00f3micas de los estudiantes y sus promedios, el cual no debe ser menor a 4.0. Los j\u00f3venes deben invertir su capital en necesidades b\u00e1sicas personales o en herramientas educativas.<\/p>\n\n\n\n<p>As\u00ed lo explic\u00f3 Edwin Navarro, director del IPACOOP, quien inst\u00f3 a los j\u00f3venes a interesarse el mundo cooperativo, ya que se obtienen muchos beneficios, como aplicar a este tipo de ayudas, y ser el relevo generacional. <\/p>\n\n\n\n<figure class=\"wp-block-image size-large\"><img decoding=\"async\" width=\"1024\" height=\"576\" src=\"https:\/\/mifavorita.com.pa\/2017\/wp-content\/uploads\/2023\/12\/c458dc8d-feab-4174-8a6d-8cd4b996709c-1-1024x576.jpg\" class=\"wp-image-10205\" srcset=\"https:\/\/mifavorita.com.pa\/2017\/wp-content\/uploads\/2023\/12\/c458dc8d-feab-4174-8a6d-8cd4b996709c-1-1024x576.jpg 1024w, https:\/\/mifavorita.com.pa\/2017\/wp-content\/uploads\/2023\/12\/c458dc8d-feab-4174-8a6d-8cd4b996709c-1-300x169.jpg 300w, https:\/\/mifavorita.com.pa\/2017\/wp-content\/uploads\/2023\/12\/c458dc8d-feab-4174-8a6d-8cd4b996709c-1-768x432.jpg 768w, https:\/\/mifavorita.com.pa\/2017\/wp-content\/uploads\/2023\/12\/c458dc8d-feab-4174-8a6d-8cd4b996709c-1-1200x675.jpg 1200w, https:\/\/mifavorita.com.pa\/2017\/wp-content\/uploads\/2023\/12\/c458dc8d-feab-4174-8a6d-8cd4b996709c-1.jpg 1280w\" sizes=\"(max-width: 1024px) 100vw, 1024px\" \/><\/figure>\n\n\n\n<p>Itson Delgado, estudiante del Instituto T\u00e9cnico La Pintada y beneficiado en esta entrega, dijo que quiere utilizar este dinero en compra de pollos para la ceba como lo ha aprendido en su cooperativa juvenil,&nbsp;y as\u00ed poder multiplicar este dinero.&nbsp;<\/p>\n\n\n\n<p>A nivel nacional, el programa de asistencia educativa, ha entregado a estudiantes m\u00e1s de 1 mill\u00f3n de d\u00f3lares.&nbsp;<\/p>\n\n\n\n<p>Este beneficio puede ser obtenido aun teniendo una beca o ayudas financieras de otra instituci\u00f3n u organizaci\u00f3n, puesto que los montos son entregados una sola vez cada a\u00f1o.<\/p>\n","protected":false},"excerpt":{"rendered":"<p>DAMGELA DE LE\u00d3N&nbsp; Un total de 44 j\u00f3venes coclesanos fueron beneficiados con la \u00faltima entrega de beneficios del a\u00f1o 2023 del programa de asistencia educativa del Instituto Paname\u00f1o Aut\u00f3nomo Cooperativo, el cual ofrece un apoyo econ\u00f3mico a miembros de cooperativas escolares y tambi\u00e9n a hijos de cooperativistas.&nbsp; Para esta ronda, aplicaron a nivel nacional 2 [&hellip;]<\/p>\n","protected":false},"author":2,"featured_media":10203,"comment_status":"closed","ping_status":"open","sticky":false,"template":"","format":"standard","meta":{"footnotes":""},"categories":[1],"tags":[],"class_list":["post-10206","post","type-post","status-publish","format-standard","has-post-thumbnail","hentry","category-noticias"],"_links":{"self":[{"href":"https:\/\/mifavorita.com.pa\/2017\/wp-json\/wp\/v2\/posts\/10206","targetHints":{"allow":["GET"]}}],"collection":[{"href":"https:\/\/mifavorita.com.pa\/2017\/wp-json\/wp\/v2\/posts"}],"about":[{"href":"https:\/\/mifavorita.com.pa\/2017\/wp-json\/wp\/v2\/types\/post"}],"author":[{"embeddable":true,"href":"https:\/\/mifavorita.com.pa\/2017\/wp-json\/wp\/v2\/users\/2"}],"replies":[{"embeddable":true,"href":"https:\/\/mifavorita.com.pa\/2017\/wp-json\/wp\/v2\/comments?post=10206"}],"version-history":[{"count":1,"href":"https:\/\/mifavorita.com.pa\/2017\/wp-json\/wp\/v2\/posts\/10206\/revisions"}],"predecessor-version":[{"id":10207,"href":"https:\/\/mifavorita.com.pa\/2017\/wp-json\/wp\/v2\/posts\/10206\/revisions\/10207"}],"wp:featuredmedia":[{"embeddable":true,"href":"https:\/\/mifavorita.com.pa\/2017\/wp-json\/wp\/v2\/media\/10203"}],"wp:attachment":[{"href":"https:\/\/mifavorita.com.pa\/2017\/wp-json\/wp\/v2\/media?parent=10206"}],"wp:term":[{"taxonomy":"category","embeddable":true,"href":"https:\/\/mifavorita.com.pa\/2017\/wp-json\/wp\/v2\/categories?post=10206"},{"taxonomy":"post_tag","embeddable":true,"href":"https:\/\/mifavorita.com.pa\/2017\/wp-json\/wp\/v2\/tags?post=10206"}],"curies":[{"name":"wp","href":"https:\/\/api.w.org\/{rel}","templated":true}]}}