{"id":10210,"date":"2023-12-04T23:20:48","date_gmt":"2023-12-04T23:20:48","guid":{"rendered":"https:\/\/mifavorita.com.pa\/2017\/?p=10210"},"modified":"2023-12-04T23:20:51","modified_gmt":"2023-12-04T23:20:51","slug":"trabajadores-mineros-se-oponen-a-suspension-de-contratos","status":"publish","type":"post","link":"https:\/\/mifavorita.com.pa\/2017\/trabajadores-mineros-se-oponen-a-suspension-de-contratos\/","title":{"rendered":"TRABAJADORES MINEROS SE OPONEN A SUSPENSI\u00d3N DE CONTRATOS"},"content":{"rendered":"\n<p>EDILSA GONZ\u00c1LEZ ROCA<\/p>\n\n\n\n<p>Tras la declaratoria de inconstitucionalidad del Contrato 406 entre el Estado y la empresa Minera Panam\u00e1, la incertidumbre surge entre los trabajadores que solicitan al Ministerio de Trabajo y Desarrollo Laboral que no acepte la solicitud de suspensi\u00f3n de contratos hecha por la empresa y exija la liquidaci\u00f3n de los trabajadores y se cumpla con lo que dice la ley.<\/p>\n\n\n\n<p>Se trata de unos 996 trabajadores que se han unido para entablar los reclamos correspondientes ante el Ministerio de Trabajo, ya que aseguran que la empresa envi\u00f3 de vacaciones a muchos sin que les correspondiera el periodo de descanso y en otros casos les envi\u00f3 el comunicado de suspensi\u00f3n de contratos con lo que no est\u00e1n de acuerdo.<\/p>\n\n\n\n<p>Eli\u00e9cer Santo, vocero de los trabajadores dijo lo que necesitan es que el Mitradel les ayude a lograr sus prestaciones ya ganadas porque la empresa les ha notificado de una suspensi\u00f3n que no se ha aceptado y lo que quieren es que les liquide todo lo que se les debe, incluidas sus primas de antig\u00fcedad, vacaciones, d\u00e9cimos y otras prestaciones.<\/p>\n\n\n\n<figure class=\"wp-block-image size-large\"><img fetchpriority=\"high\" decoding=\"async\" width=\"1024\" height=\"576\" src=\"https:\/\/mifavorita.com.pa\/2017\/wp-content\/uploads\/2023\/12\/img_7108-1-1024x576.jpg\" class=\"wp-image-10209\" srcset=\"https:\/\/mifavorita.com.pa\/2017\/wp-content\/uploads\/2023\/12\/img_7108-1-1024x576.jpg 1024w, https:\/\/mifavorita.com.pa\/2017\/wp-content\/uploads\/2023\/12\/img_7108-1-300x169.jpg 300w, https:\/\/mifavorita.com.pa\/2017\/wp-content\/uploads\/2023\/12\/img_7108-1-768x432.jpg 768w, https:\/\/mifavorita.com.pa\/2017\/wp-content\/uploads\/2023\/12\/img_7108-1-1536x864.jpg 1536w, https:\/\/mifavorita.com.pa\/2017\/wp-content\/uploads\/2023\/12\/img_7108-1-2048x1152.jpg 2048w, https:\/\/mifavorita.com.pa\/2017\/wp-content\/uploads\/2023\/12\/img_7108-1-1200x675.jpg 1200w, https:\/\/mifavorita.com.pa\/2017\/wp-content\/uploads\/2023\/12\/img_7108-1-1980x1114.jpg 1980w\" sizes=\"(max-width: 1024px) 100vw, 1024px\" \/><figcaption class=\"wp-element-caption\">Eli\u00e9cer Santo, vocero de los trabajadores<\/figcaption><\/figure>\n\n\n\n<p>Santo indic\u00f3 adem\u00e1s que tampoco est\u00e1n de acuerdo con el acuerdo que pretende hacer el sindicato Utramipa, de firmar un mutuo acuerdo con la empresa porque este tipo de iniciativas va en detrimento de las aspiraciones y prestaciones a que tienen derecho los trabajadores.<\/p>\n\n\n\n<p>Consultado sobre este tema el Secretario General del Sindicato Utramipa, Francisco D\u00edaz, se\u00f1al\u00f3 que con este acuerdo entre la minera y el sindicato no se afectan los derechos de los trabajadores, porque aquellos que apliquen para el mutuo acuerdo se les reconocer\u00e1n el 100% de sus prestaciones como lo dice el C\u00f3digo de Trabajo.<\/p>\n\n\n\n<p>Indic\u00f3 que esa es la alternativa que se busc\u00f3 es un retiro voluntario porque existe un pliego, indic\u00f3 que la decisi\u00f3n se tom\u00f3 en base a los mensajes de whatsapp que ha recibido de m\u00e1s de mil trabajadores de los 3 mil 500 que tiene el sindicato y por eso no se ha hecho asamblea general para ver la opini\u00f3n de todos porque con los que ya se han manifestado a trav\u00e9s de wasap tienen la mayor\u00eda.<\/p>\n\n\n\n<p>Los trabajadores independientes decidieron presentar una solicitud ante la regional especial de Mina del Ministerio de Trabajo a la espera de una pronta respuesta, de lo contrario dijeron no descartan llevar medidas de presi\u00f3n a las calles.<\/p>\n\n\n\n<p>                     <\/p>\n","protected":false},"excerpt":{"rendered":"<p>EDILSA GONZ\u00c1LEZ ROCA Tras la declaratoria de inconstitucionalidad del Contrato 406 entre el Estado y la empresa Minera Panam\u00e1, la incertidumbre surge entre los trabajadores que solicitan al Ministerio de Trabajo y Desarrollo Laboral que no acepte la solicitud de suspensi\u00f3n de contratos hecha por la empresa y exija la liquidaci\u00f3n de los trabajadores y [&hellip;]<\/p>\n","protected":false},"author":2,"featured_media":10208,"comment_status":"closed","ping_status":"open","sticky":false,"template":"","format":"standard","meta":{"footnotes":""},"categories":[1],"tags":[],"class_list":["post-10210","post","type-post","status-publish","format-standard","has-post-thumbnail","hentry","category-noticias"],"_links":{"self":[{"href":"https:\/\/mifavorita.com.pa\/2017\/wp-json\/wp\/v2\/posts\/10210","targetHints":{"allow":["GET"]}}],"collection":[{"href":"https:\/\/mifavorita.com.pa\/2017\/wp-json\/wp\/v2\/posts"}],"about":[{"href":"https:\/\/mifavorita.com.pa\/2017\/wp-json\/wp\/v2\/types\/post"}],"author":[{"embeddable":true,"href":"https:\/\/mifavorita.com.pa\/2017\/wp-json\/wp\/v2\/users\/2"}],"replies":[{"embeddable":true,"href":"https:\/\/mifavorita.com.pa\/2017\/wp-json\/wp\/v2\/comments?post=10210"}],"version-history":[{"count":1,"href":"https:\/\/mifavorita.com.pa\/2017\/wp-json\/wp\/v2\/posts\/10210\/revisions"}],"predecessor-version":[{"id":10211,"href":"https:\/\/mifavorita.com.pa\/2017\/wp-json\/wp\/v2\/posts\/10210\/revisions\/10211"}],"wp:featuredmedia":[{"embeddable":true,"href":"https:\/\/mifavorita.com.pa\/2017\/wp-json\/wp\/v2\/media\/10208"}],"wp:attachment":[{"href":"https:\/\/mifavorita.com.pa\/2017\/wp-json\/wp\/v2\/media?parent=10210"}],"wp:term":[{"taxonomy":"category","embeddable":true,"href":"https:\/\/mifavorita.com.pa\/2017\/wp-json\/wp\/v2\/categories?post=10210"},{"taxonomy":"post_tag","embeddable":true,"href":"https:\/\/mifavorita.com.pa\/2017\/wp-json\/wp\/v2\/tags?post=10210"}],"curies":[{"name":"wp","href":"https:\/\/api.w.org\/{rel}","templated":true}]}}