{"id":10214,"date":"2023-12-04T23:32:03","date_gmt":"2023-12-04T23:32:03","guid":{"rendered":"https:\/\/mifavorita.com.pa\/2017\/?p=10214"},"modified":"2023-12-04T23:32:05","modified_gmt":"2023-12-04T23:32:05","slug":"residentes-de-cocle-siguen-su-lucha-contra-incineradora","status":"publish","type":"post","link":"https:\/\/mifavorita.com.pa\/2017\/residentes-de-cocle-siguen-su-lucha-contra-incineradora\/","title":{"rendered":"RESIDENTES DE COCL\u00c9 SIGUEN SU LUCHA CONTRA INCINERADORA"},"content":{"rendered":"\n<p>EDILSA GONZ\u00c1LEZ ROCA<\/p>\n\n\n\n<p>Por en\u00e9sima ocasi\u00f3n los residentes de varias comunidades del corregimiento de Cocl\u00e9, en el distrito de Penonom\u00e9 salieron a la calle a protestar por la inminente instalaci\u00f3n de un incinerador de desechos t\u00f3xicos en el sector de Lajas, lo que ser\u00eda un riesgo para la afectada salud de sus pobladores.<\/p>\n\n\n\n<p>Seg\u00fan los residentes desde hace ya varios a\u00f1os, han acudido al Ministerio de Salud, al Ministerio de Ambiente, a la gobernaci\u00f3n de Cocl\u00e9 a la alcald\u00eda, al Concejo Municipal, incluso ante el diputado del \u00e1rea y el representante de corregimiento y ninguno les ha sabido dar respuesta concreta ante una construcci\u00f3n que a todas luces inici\u00f3 y se mantiene ilegal ya que supuestamente nadie le hado permiso de instalarse en el lugar.<\/p>\n\n\n\n<figure class=\"wp-block-image size-large\"><img fetchpriority=\"high\" decoding=\"async\" width=\"1024\" height=\"768\" src=\"https:\/\/mifavorita.com.pa\/2017\/wp-content\/uploads\/2023\/12\/03ee74da-5f07-4711-ab2f-7d2cf58f0672-1-1024x768.jpg\" class=\"wp-image-10213\" srcset=\"https:\/\/mifavorita.com.pa\/2017\/wp-content\/uploads\/2023\/12\/03ee74da-5f07-4711-ab2f-7d2cf58f0672-1-1024x768.jpg 1024w, https:\/\/mifavorita.com.pa\/2017\/wp-content\/uploads\/2023\/12\/03ee74da-5f07-4711-ab2f-7d2cf58f0672-1-300x225.jpg 300w, https:\/\/mifavorita.com.pa\/2017\/wp-content\/uploads\/2023\/12\/03ee74da-5f07-4711-ab2f-7d2cf58f0672-1-768x576.jpg 768w, https:\/\/mifavorita.com.pa\/2017\/wp-content\/uploads\/2023\/12\/03ee74da-5f07-4711-ab2f-7d2cf58f0672-1-1536x1152.jpg 1536w, https:\/\/mifavorita.com.pa\/2017\/wp-content\/uploads\/2023\/12\/03ee74da-5f07-4711-ab2f-7d2cf58f0672-1-1200x900.jpg 1200w, https:\/\/mifavorita.com.pa\/2017\/wp-content\/uploads\/2023\/12\/03ee74da-5f07-4711-ab2f-7d2cf58f0672-1.jpg 1600w\" sizes=\"(max-width: 1024px) 100vw, 1024px\" \/><\/figure>\n\n\n\n<p>Javier Melgar, presidente de la Asociaci\u00f3n de Productores del Sistema de Riesgo Lajas y paciente de insuficiencia renal cr\u00f3nica, se\u00f1al\u00f3 que la preocupaci\u00f3n es que las tierras donde se ubica este incinerador son humedales, donde el agua brota a escasos pies de la superficie y si desde ahora comienzan incumpliendo las normas qui\u00e9n garantiza que a futuro no se contaminen las aguas, adem\u00e1s del aire con los humos t\u00f3xicos que de all\u00ed emanen.<\/p>\n\n\n\n<p>En ese&nbsp;&nbsp;mismo sentido se refiri\u00f3 Idalides Barsallo, residente de Puerto El Gago, quien asegur\u00f3 que ser\u00e1 su comunidad la m\u00e1s afectada porque los vientos corren hacia ese sector y es all\u00ed donde ir\u00e1 el humo t\u00f3xico de la incineradora.<\/p>\n\n\n\n<p>Melgar se quej\u00f3 de la forma vaga como los atendi\u00f3 el Gobernador de la provincia, quien inicialmente les dijo que recogieran firmas para llevar ante las autoridades su oposici\u00f3n y ahora sin darles respuesta a esas firmas que le entregaron, los manda al Ministerio de Salud, donde tampoco les han dado respuesta.<\/p>\n\n\n\n<p>Este lunes el grupo de residentes realizaron piqueteo en la gobernaci\u00f3n de Cocl\u00e9 y el Municipio de Penonom\u00e9, en esta \u00faltima instituci\u00f3n se reunieron con el ingeniero municipal quien se comprometi\u00f3 en hacer una nueva inspecci\u00f3n en el \u00e1rea porque seg\u00fan les dijo a los dirigentes de la comunidad no le han dado permiso para la instalaci\u00f3n que nuevos equipos o ampliaci\u00f3n de la construcci\u00f3n que ya se hizo.<\/p>\n\n\n\n<p> <\/p>\n","protected":false},"excerpt":{"rendered":"<p>EDILSA GONZ\u00c1LEZ ROCA Por en\u00e9sima ocasi\u00f3n los residentes de varias comunidades del corregimiento de Cocl\u00e9, en el distrito de Penonom\u00e9 salieron a la calle a protestar por la inminente instalaci\u00f3n de un incinerador de desechos t\u00f3xicos en el sector de Lajas, lo que ser\u00eda un riesgo para la afectada salud de sus pobladores. Seg\u00fan los [&hellip;]<\/p>\n","protected":false},"author":2,"featured_media":10212,"comment_status":"closed","ping_status":"open","sticky":false,"template":"","format":"standard","meta":{"footnotes":""},"categories":[1],"tags":[],"class_list":["post-10214","post","type-post","status-publish","format-standard","has-post-thumbnail","hentry","category-noticias"],"_links":{"self":[{"href":"https:\/\/mifavorita.com.pa\/2017\/wp-json\/wp\/v2\/posts\/10214","targetHints":{"allow":["GET"]}}],"collection":[{"href":"https:\/\/mifavorita.com.pa\/2017\/wp-json\/wp\/v2\/posts"}],"about":[{"href":"https:\/\/mifavorita.com.pa\/2017\/wp-json\/wp\/v2\/types\/post"}],"author":[{"embeddable":true,"href":"https:\/\/mifavorita.com.pa\/2017\/wp-json\/wp\/v2\/users\/2"}],"replies":[{"embeddable":true,"href":"https:\/\/mifavorita.com.pa\/2017\/wp-json\/wp\/v2\/comments?post=10214"}],"version-history":[{"count":1,"href":"https:\/\/mifavorita.com.pa\/2017\/wp-json\/wp\/v2\/posts\/10214\/revisions"}],"predecessor-version":[{"id":10215,"href":"https:\/\/mifavorita.com.pa\/2017\/wp-json\/wp\/v2\/posts\/10214\/revisions\/10215"}],"wp:featuredmedia":[{"embeddable":true,"href":"https:\/\/mifavorita.com.pa\/2017\/wp-json\/wp\/v2\/media\/10212"}],"wp:attachment":[{"href":"https:\/\/mifavorita.com.pa\/2017\/wp-json\/wp\/v2\/media?parent=10214"}],"wp:term":[{"taxonomy":"category","embeddable":true,"href":"https:\/\/mifavorita.com.pa\/2017\/wp-json\/wp\/v2\/categories?post=10214"},{"taxonomy":"post_tag","embeddable":true,"href":"https:\/\/mifavorita.com.pa\/2017\/wp-json\/wp\/v2\/tags?post=10214"}],"curies":[{"name":"wp","href":"https:\/\/api.w.org\/{rel}","templated":true}]}}