{"id":10217,"date":"2023-12-05T19:58:08","date_gmt":"2023-12-05T19:58:08","guid":{"rendered":"https:\/\/mifavorita.com.pa\/2017\/?p=10217"},"modified":"2023-12-05T19:58:10","modified_gmt":"2023-12-05T19:58:10","slug":"con-mas-de-103-cursos-el-inadeh-de-cocle-amplia-su-oferta-educativa-con-programas-de-carreras-afines-a-la-construccion","status":"publish","type":"post","link":"https:\/\/mifavorita.com.pa\/2017\/con-mas-de-103-cursos-el-inadeh-de-cocle-amplia-su-oferta-educativa-con-programas-de-carreras-afines-a-la-construccion\/","title":{"rendered":"CON M\u00c1S DE 103 CURSOS, EL INADEH DE COCL\u00c9 AMPL\u00cdA SU OFERTA EDUCATIVA CON PROGRAMAS DE CARRERAS AFINES A LA CONSTRUCCION"},"content":{"rendered":"\n<p>DAR\u00cdO FERN\u00c1NDEZ ALZAMORA <\/p>\n\n\n\n<p>El Instituto Nacional de Formaci\u00f3n Profesional y Capacitaci\u00f3n para el Desarrollo Humano (INADEH) en la provincia de Cocl\u00e9 contin\u00faa liderando iniciativas educativas con la introducci\u00f3n de programas innovadores para el pr\u00f3ximo periodo acad\u00e9mico en 2024. Todo con el objetivo de promover un desarrollo integral en la comunidad, por lo que se han planificado cursos que abarcan diversas \u00e1reas de habilidades y conocimientos.<\/p>\n\n\n\n<p><br>Leysther P\u00e9rez, director regional del INADEH, anunci\u00f3 la incorporaci\u00f3n de programas enfocados en la construcci\u00f3n para el pr\u00f3ximo periodo. Los cursos incluir\u00e1n alba\u00f1iler\u00eda, electricidad b\u00e1sica y avanzada, plomer\u00eda y otros relacionados con el sector de la construcci\u00f3n. Adem\u00e1s, gracias a la colaboraci\u00f3n con la empresa Tropigas, se ofrecer\u00e1 un programa para operadores de tuber\u00edas de gas, brindando oportunidades pr\u00e1cticas y alineadas para ese mercado laboral.<\/p>\n\n\n\n<p><br>El INADEH ha llevado la educaci\u00f3n a nuevos niveles mediante la acci\u00f3n m\u00f3vil, logrando una cobertura del 85 por ciento en los corregimientos de la provincia. Esta iniciativa garantiza que las oportunidades de aprendizaje est\u00e9n al alcance de todos, sin importar su ubicaci\u00f3n geogr\u00e1fica. La lista completa de programas y capacitaciones est\u00e1 disponible en las redes sociales del INADEH, facilitando el acceso a la informaci\u00f3n para la comunidad.<\/p>\n\n\n\n<p><br>Las inscripciones para los programas del pr\u00f3ximo periodo ya est\u00e1n abiertas, y los interesados pueden dirigirse a las oficinas del INADEH para asegurar su participaci\u00f3n. Adem\u00e1s, se destaca que algunos cursos permiten la participaci\u00f3n de menores de edad con la debida autorizaci\u00f3n de sus padres, fomentando la inclusi\u00f3n de la juventud en estas oportunidades educativas.<\/p>\n\n\n\n<p><br>En la actualidad, m\u00e1s de 2 mil 030 estudiantes participan activamente en los diversos cursos ofrecidos en el periodo actual, subrayando el impacto positivo que el INADEH ha tenido en la formaci\u00f3n y el desarrollo de habilidades en la comunidad de Cocl\u00e9.<\/p>\n\n\n\n<p><br>En resumen, el INADEH de Cocl\u00e9 sigue demostrando su compromiso con la educaci\u00f3n y el desarrollo integral de la poblaci\u00f3n, ofreciendo programas innovadores y accesibles que preparan a los participantes para los desaf\u00edos del mundo laboral actual.<\/p>\n","protected":false},"excerpt":{"rendered":"<p>DAR\u00cdO FERN\u00c1NDEZ ALZAMORA El Instituto Nacional de Formaci\u00f3n Profesional y Capacitaci\u00f3n para el Desarrollo Humano (INADEH) en la provincia de Cocl\u00e9 contin\u00faa liderando iniciativas educativas con la introducci\u00f3n de programas innovadores para el pr\u00f3ximo periodo acad\u00e9mico en 2024. Todo con el objetivo de promover un desarrollo integral en la comunidad, por lo que se han [&hellip;]<\/p>\n","protected":false},"author":2,"featured_media":10216,"comment_status":"closed","ping_status":"open","sticky":false,"template":"","format":"standard","meta":{"footnotes":""},"categories":[1],"tags":[],"class_list":["post-10217","post","type-post","status-publish","format-standard","has-post-thumbnail","hentry","category-noticias"],"_links":{"self":[{"href":"https:\/\/mifavorita.com.pa\/2017\/wp-json\/wp\/v2\/posts\/10217","targetHints":{"allow":["GET"]}}],"collection":[{"href":"https:\/\/mifavorita.com.pa\/2017\/wp-json\/wp\/v2\/posts"}],"about":[{"href":"https:\/\/mifavorita.com.pa\/2017\/wp-json\/wp\/v2\/types\/post"}],"author":[{"embeddable":true,"href":"https:\/\/mifavorita.com.pa\/2017\/wp-json\/wp\/v2\/users\/2"}],"replies":[{"embeddable":true,"href":"https:\/\/mifavorita.com.pa\/2017\/wp-json\/wp\/v2\/comments?post=10217"}],"version-history":[{"count":1,"href":"https:\/\/mifavorita.com.pa\/2017\/wp-json\/wp\/v2\/posts\/10217\/revisions"}],"predecessor-version":[{"id":10218,"href":"https:\/\/mifavorita.com.pa\/2017\/wp-json\/wp\/v2\/posts\/10217\/revisions\/10218"}],"wp:featuredmedia":[{"embeddable":true,"href":"https:\/\/mifavorita.com.pa\/2017\/wp-json\/wp\/v2\/media\/10216"}],"wp:attachment":[{"href":"https:\/\/mifavorita.com.pa\/2017\/wp-json\/wp\/v2\/media?parent=10217"}],"wp:term":[{"taxonomy":"category","embeddable":true,"href":"https:\/\/mifavorita.com.pa\/2017\/wp-json\/wp\/v2\/categories?post=10217"},{"taxonomy":"post_tag","embeddable":true,"href":"https:\/\/mifavorita.com.pa\/2017\/wp-json\/wp\/v2\/tags?post=10217"}],"curies":[{"name":"wp","href":"https:\/\/api.w.org\/{rel}","templated":true}]}}