{"id":10231,"date":"2023-12-05T23:22:06","date_gmt":"2023-12-05T23:22:06","guid":{"rendered":"https:\/\/mifavorita.com.pa\/2017\/?p=10231"},"modified":"2023-12-05T23:22:09","modified_gmt":"2023-12-05T23:22:09","slug":"un-total-de-445-coclesanos-sufren-de-insuficiencia-renal-cronica","status":"publish","type":"post","link":"https:\/\/mifavorita.com.pa\/2017\/un-total-de-445-coclesanos-sufren-de-insuficiencia-renal-cronica\/","title":{"rendered":"UN TOTAL DE 445 COCLESANOS SUFREN DE INSUFICIENCIA RENAL CR\u00d3NICA"},"content":{"rendered":"\n<p>EDILSA GONZ\u00c1LEZ ROCA<\/p>\n\n\n\n<p>Hasta el mes de diciembre de 2023 en la provincia de Cocl\u00e9 existen un total de 445 personas que padecen de insuficiencia renal cr\u00f3nica, la cifra fue hecha p\u00fablica por el subdirector regional de salud Yavier Gord\u00f3n, quien adelant\u00f3 que todos estos pacientes reciben atenci\u00f3n m\u00e9dica en las salas de hemodi\u00e1lisis habilitadas en este regi\u00f3n.<\/p>\n\n\n\n<p>Seg\u00fan Gord\u00f3n hay tres salas en la provincia una el Aquilino Tejeira que cuenta con diez m\u00e1quinas de hemodi\u00e1lisis que atiende a 60 pacientes en tres turnos diarios, la sala externalizada de R\u00edo hato que atiende a un total de 160 pacientes y la del Hospital Rafael Est\u00e9vez de Aguadulce se atienden 225 pacientes.<\/p>\n\n\n\n<p>Inform\u00f3 que actualmente la mayor cantidad de poblaci\u00f3n afectada se encuentra en el distrito de Ant\u00f3n con el 60% de los pacientes afectados, seguidos por el distrito de Penonom\u00e9 con un 21% de los casos y el 10% del distrito de Aguadulce, mientras que en La Pintada solo se reportan 5 casos.<\/p>\n\n\n\n<figure class=\"wp-block-image size-large\"><img fetchpriority=\"high\" decoding=\"async\" width=\"1024\" height=\"819\" src=\"https:\/\/mifavorita.com.pa\/2017\/wp-content\/uploads\/2023\/12\/25a72818-7502-4db8-a07d-c66ebb335d2e-1-1024x819.jpg\" class=\"wp-image-10230\" srcset=\"https:\/\/mifavorita.com.pa\/2017\/wp-content\/uploads\/2023\/12\/25a72818-7502-4db8-a07d-c66ebb335d2e-1-1024x819.jpg 1024w, https:\/\/mifavorita.com.pa\/2017\/wp-content\/uploads\/2023\/12\/25a72818-7502-4db8-a07d-c66ebb335d2e-1-300x240.jpg 300w, https:\/\/mifavorita.com.pa\/2017\/wp-content\/uploads\/2023\/12\/25a72818-7502-4db8-a07d-c66ebb335d2e-1-768x614.jpg 768w, https:\/\/mifavorita.com.pa\/2017\/wp-content\/uploads\/2023\/12\/25a72818-7502-4db8-a07d-c66ebb335d2e-1-1536x1229.jpg 1536w, https:\/\/mifavorita.com.pa\/2017\/wp-content\/uploads\/2023\/12\/25a72818-7502-4db8-a07d-c66ebb335d2e-1-1200x960.jpg 1200w, https:\/\/mifavorita.com.pa\/2017\/wp-content\/uploads\/2023\/12\/25a72818-7502-4db8-a07d-c66ebb335d2e-1.jpg 1600w\" sizes=\"(max-width: 1024px) 100vw, 1024px\" \/><\/figure>\n\n\n\n<p>En el caso de Ant\u00f3n los pacientes se concentran entre R\u00edo Hato y Juan D\u00edaz o San Juan de Dios, mientras que en Penonom\u00e9&nbsp;&nbsp;en algunas comunidades del \u00e1rea norte y hacia el Sur del distrito en el corregimiento de Cocl\u00e9.<\/p>\n\n\n\n<p>Desde hace mucho tiempo las instancias de Salud del pa\u00eds ll\u00e1mense Ministerio de Salud, la Caja del seguro Social e incluso la Organizaci\u00f3n Panamericana de la Salud han llevado adelante estudios para determinar las causas de la alta incidencia de la enfermedad renal cr\u00f3nica en la provincia de Cocl\u00e9, sin embargo hasta ahora no se han dado luces claras en este tema.Gord\u00f3n apunt\u00f3 a que la Insuficiencia Renal Cr\u00f3nica est\u00e1 dentro de las conocidas como enfermedades no tradicionales y seg\u00fan los estudios podr\u00edas tener aspectos gen\u00e9ticos e incluso producto de la exposici\u00f3n a altas temperaturas, sin embargo los estudios contin\u00faan<\/p>\n","protected":false},"excerpt":{"rendered":"<p>EDILSA GONZ\u00c1LEZ ROCA Hasta el mes de diciembre de 2023 en la provincia de Cocl\u00e9 existen un total de 445 personas que padecen de insuficiencia renal cr\u00f3nica, la cifra fue hecha p\u00fablica por el subdirector regional de salud Yavier Gord\u00f3n, quien adelant\u00f3 que todos estos pacientes reciben atenci\u00f3n m\u00e9dica en las salas de hemodi\u00e1lisis habilitadas [&hellip;]<\/p>\n","protected":false},"author":2,"featured_media":10229,"comment_status":"closed","ping_status":"open","sticky":false,"template":"","format":"standard","meta":{"footnotes":""},"categories":[1],"tags":[],"class_list":["post-10231","post","type-post","status-publish","format-standard","has-post-thumbnail","hentry","category-noticias"],"_links":{"self":[{"href":"https:\/\/mifavorita.com.pa\/2017\/wp-json\/wp\/v2\/posts\/10231","targetHints":{"allow":["GET"]}}],"collection":[{"href":"https:\/\/mifavorita.com.pa\/2017\/wp-json\/wp\/v2\/posts"}],"about":[{"href":"https:\/\/mifavorita.com.pa\/2017\/wp-json\/wp\/v2\/types\/post"}],"author":[{"embeddable":true,"href":"https:\/\/mifavorita.com.pa\/2017\/wp-json\/wp\/v2\/users\/2"}],"replies":[{"embeddable":true,"href":"https:\/\/mifavorita.com.pa\/2017\/wp-json\/wp\/v2\/comments?post=10231"}],"version-history":[{"count":1,"href":"https:\/\/mifavorita.com.pa\/2017\/wp-json\/wp\/v2\/posts\/10231\/revisions"}],"predecessor-version":[{"id":10232,"href":"https:\/\/mifavorita.com.pa\/2017\/wp-json\/wp\/v2\/posts\/10231\/revisions\/10232"}],"wp:featuredmedia":[{"embeddable":true,"href":"https:\/\/mifavorita.com.pa\/2017\/wp-json\/wp\/v2\/media\/10229"}],"wp:attachment":[{"href":"https:\/\/mifavorita.com.pa\/2017\/wp-json\/wp\/v2\/media?parent=10231"}],"wp:term":[{"taxonomy":"category","embeddable":true,"href":"https:\/\/mifavorita.com.pa\/2017\/wp-json\/wp\/v2\/categories?post=10231"},{"taxonomy":"post_tag","embeddable":true,"href":"https:\/\/mifavorita.com.pa\/2017\/wp-json\/wp\/v2\/tags?post=10231"}],"curies":[{"name":"wp","href":"https:\/\/api.w.org\/{rel}","templated":true}]}}