{"id":10237,"date":"2023-12-05T23:33:37","date_gmt":"2023-12-05T23:33:37","guid":{"rendered":"https:\/\/mifavorita.com.pa\/2017\/?p=10237"},"modified":"2023-12-05T23:33:40","modified_gmt":"2023-12-05T23:33:40","slug":"fieps-conmemora-sus-100-anos-con-emision-de-sello-postal-en-panama-cocle-fue-el-escenario-del-lanzamiento","status":"publish","type":"post","link":"https:\/\/mifavorita.com.pa\/2017\/fieps-conmemora-sus-100-anos-con-emision-de-sello-postal-en-panama-cocle-fue-el-escenario-del-lanzamiento\/","title":{"rendered":"FIEPS CONMEMORA SUS 100 A\u00d1OS CON EMISI\u00d3N DE SELLO POSTAL EN PANAM\u00c1, COCL\u00c9 FUE EL ESCENARIO DEL LANZAMIENTO"},"content":{"rendered":"\n<p>DAMGELA DE LE\u00d3N&nbsp;<\/p>\n\n\n\n<p>En conmemoraci\u00f3n de los 100 a\u00f1os de la Federaci\u00f3n Internacional de Educaci\u00f3n F\u00edsica, los Correos de Panam\u00e1 en conjunto con el cap\u00edtulo de la Federaci\u00f3n en Cocl\u00e9, realizaron el lanzamiento del 91 sello postal dedicado a esta celebraci\u00f3n, pero el primero lanzado en Panam\u00e1. Esta federaci\u00f3n tiene presencia en 123 pa\u00edses y busca promover a la disciplina de la Educaci\u00f3n F\u00edsica como beneficiosa al desarrollo del hombre. <\/p>\n\n\n\n<figure class=\"wp-block-image size-large\"><img fetchpriority=\"high\" decoding=\"async\" width=\"1024\" height=\"768\" src=\"https:\/\/mifavorita.com.pa\/2017\/wp-content\/uploads\/2023\/12\/2f63e8ba-1324-48aa-8bab-dec70da70852-1-1024x768.jpg\" class=\"wp-image-10234\" srcset=\"https:\/\/mifavorita.com.pa\/2017\/wp-content\/uploads\/2023\/12\/2f63e8ba-1324-48aa-8bab-dec70da70852-1-1024x768.jpg 1024w, https:\/\/mifavorita.com.pa\/2017\/wp-content\/uploads\/2023\/12\/2f63e8ba-1324-48aa-8bab-dec70da70852-1-300x225.jpg 300w, https:\/\/mifavorita.com.pa\/2017\/wp-content\/uploads\/2023\/12\/2f63e8ba-1324-48aa-8bab-dec70da70852-1-768x576.jpg 768w, https:\/\/mifavorita.com.pa\/2017\/wp-content\/uploads\/2023\/12\/2f63e8ba-1324-48aa-8bab-dec70da70852-1-1536x1152.jpg 1536w, https:\/\/mifavorita.com.pa\/2017\/wp-content\/uploads\/2023\/12\/2f63e8ba-1324-48aa-8bab-dec70da70852-1-1200x900.jpg 1200w, https:\/\/mifavorita.com.pa\/2017\/wp-content\/uploads\/2023\/12\/2f63e8ba-1324-48aa-8bab-dec70da70852-1.jpg 1600w\" sizes=\"(max-width: 1024px) 100vw, 1024px\" \/><\/figure>\n\n\n\n<p>Este lanzamiento se realiz\u00f3 en el Centro Regional Universitario de Cocl\u00e9, en compa\u00f1\u00eda de estudiantes de esta carrera, de los cuales algunos fueron reconocidos por sus logros a nivel deportivo y educativo a nivel internacional.&nbsp;<\/p>\n\n\n\n<p>Cualquier instituci\u00f3n o persona natural, puede solicitar ante los Correos Nacionales un sello o estampilla conmemorativode alguna ocasi\u00f3n especial. Vladimir Berr\u00edo, jefe del Servicio Filat\u00e9lico de los Correos, explic\u00f3 que este proceso inici\u00f3 el a\u00f1o pasado, a solicitud de la FIEPS cap\u00edtulo de Cocl\u00e9, y que fue r\u00e1pidamente aprobada.<\/p>\n\n\n\n<figure class=\"wp-block-image size-large\"><img decoding=\"async\" width=\"1024\" height=\"768\" src=\"https:\/\/mifavorita.com.pa\/2017\/wp-content\/uploads\/2023\/12\/70ac4914-9029-4a6c-9036-f4a930978e4a-1-1024x768.jpg\" class=\"wp-image-10235\" srcset=\"https:\/\/mifavorita.com.pa\/2017\/wp-content\/uploads\/2023\/12\/70ac4914-9029-4a6c-9036-f4a930978e4a-1-1024x768.jpg 1024w, https:\/\/mifavorita.com.pa\/2017\/wp-content\/uploads\/2023\/12\/70ac4914-9029-4a6c-9036-f4a930978e4a-1-300x225.jpg 300w, https:\/\/mifavorita.com.pa\/2017\/wp-content\/uploads\/2023\/12\/70ac4914-9029-4a6c-9036-f4a930978e4a-1-768x576.jpg 768w, https:\/\/mifavorita.com.pa\/2017\/wp-content\/uploads\/2023\/12\/70ac4914-9029-4a6c-9036-f4a930978e4a-1-1200x900.jpg 1200w, https:\/\/mifavorita.com.pa\/2017\/wp-content\/uploads\/2023\/12\/70ac4914-9029-4a6c-9036-f4a930978e4a-1.jpg 1280w\" sizes=\"(max-width: 1024px) 100vw, 1024px\" \/><\/figure>\n\n\n\n<p>Agreg\u00f3 que los sellos fueron impresos en Francia, y ya est\u00e1n disponibles para todos los coleccionistas interesados en la sede de Calidonia.&nbsp;<\/p>\n\n\n\n<p>Por su parte, Fulgencio \u00c1lvarez, director del CRU de Cocl\u00e9, agradeci\u00f3 a la FIEPS tomarlos en cuenta para esta importante actividad, sobre todo para incluir a los estudiantes en el trabajo de la federaci\u00f3n, que les dar\u00e1 visi\u00f3n internacional. <\/p>\n\n\n\n<figure class=\"wp-block-image size-large\"><img decoding=\"async\" width=\"1024\" height=\"768\" src=\"https:\/\/mifavorita.com.pa\/2017\/wp-content\/uploads\/2023\/12\/img_7289-1024x768.jpg\" class=\"wp-image-10236\" srcset=\"https:\/\/mifavorita.com.pa\/2017\/wp-content\/uploads\/2023\/12\/img_7289-1024x768.jpg 1024w, https:\/\/mifavorita.com.pa\/2017\/wp-content\/uploads\/2023\/12\/img_7289-300x225.jpg 300w, https:\/\/mifavorita.com.pa\/2017\/wp-content\/uploads\/2023\/12\/img_7289-768x576.jpg 768w, https:\/\/mifavorita.com.pa\/2017\/wp-content\/uploads\/2023\/12\/img_7289-1536x1152.jpg 1536w, https:\/\/mifavorita.com.pa\/2017\/wp-content\/uploads\/2023\/12\/img_7289-2048x1536.jpg 2048w, https:\/\/mifavorita.com.pa\/2017\/wp-content\/uploads\/2023\/12\/img_7289-1200x900.jpg 1200w, https:\/\/mifavorita.com.pa\/2017\/wp-content\/uploads\/2023\/12\/img_7289-1980x1485.jpg 1980w\" sizes=\"(max-width: 1024px) 100vw, 1024px\" \/><\/figure>\n\n\n\n<p>Milka Gonz\u00e1lez, vicepresidenta de la Federaci\u00f3n para Am\u00e9rica Central, coment\u00f3 que el pr\u00f3ximo a\u00f1o se cumple en Panam\u00e1 los 50 a\u00f1os de la presencia de la organizaci\u00f3n, la cual ha promovido el deporte y la cultura, y que Cocl\u00e9 ha sido clave en el desarrollo, puesto que una vez la federaci\u00f3n tom\u00f3 impulso, muchos fueron los profesores que participaron en su administraci\u00f3n en el pa\u00eds.&nbsp;<\/p>\n\n\n\n<p>A trav\u00e9s de congresos, talleres, seminarios y concursos, la FIEPS ha buscado rescatar el inter\u00e9s de los j\u00f3venes en la educaci\u00f3n f\u00edsica, siendo un relevo generacional en la cultura deportiva. Fueron invitadas destacadas atletas como Hilary Heron a la actividad, sin embargo, no pudieron asistir, por lo que se les entregar\u00e1 su reconocimiento pr\u00f3ximamente.<\/p>\n","protected":false},"excerpt":{"rendered":"<p>DAMGELA DE LE\u00d3N&nbsp; En conmemoraci\u00f3n de los 100 a\u00f1os de la Federaci\u00f3n Internacional de Educaci\u00f3n F\u00edsica, los Correos de Panam\u00e1 en conjunto con el cap\u00edtulo de la Federaci\u00f3n en Cocl\u00e9, realizaron el lanzamiento del 91 sello postal dedicado a esta celebraci\u00f3n, pero el primero lanzado en Panam\u00e1. Esta federaci\u00f3n tiene presencia en 123 pa\u00edses y [&hellip;]<\/p>\n","protected":false},"author":2,"featured_media":10233,"comment_status":"closed","ping_status":"open","sticky":false,"template":"","format":"standard","meta":{"footnotes":""},"categories":[1],"tags":[],"class_list":["post-10237","post","type-post","status-publish","format-standard","has-post-thumbnail","hentry","category-noticias"],"_links":{"self":[{"href":"https:\/\/mifavorita.com.pa\/2017\/wp-json\/wp\/v2\/posts\/10237","targetHints":{"allow":["GET"]}}],"collection":[{"href":"https:\/\/mifavorita.com.pa\/2017\/wp-json\/wp\/v2\/posts"}],"about":[{"href":"https:\/\/mifavorita.com.pa\/2017\/wp-json\/wp\/v2\/types\/post"}],"author":[{"embeddable":true,"href":"https:\/\/mifavorita.com.pa\/2017\/wp-json\/wp\/v2\/users\/2"}],"replies":[{"embeddable":true,"href":"https:\/\/mifavorita.com.pa\/2017\/wp-json\/wp\/v2\/comments?post=10237"}],"version-history":[{"count":1,"href":"https:\/\/mifavorita.com.pa\/2017\/wp-json\/wp\/v2\/posts\/10237\/revisions"}],"predecessor-version":[{"id":10238,"href":"https:\/\/mifavorita.com.pa\/2017\/wp-json\/wp\/v2\/posts\/10237\/revisions\/10238"}],"wp:featuredmedia":[{"embeddable":true,"href":"https:\/\/mifavorita.com.pa\/2017\/wp-json\/wp\/v2\/media\/10233"}],"wp:attachment":[{"href":"https:\/\/mifavorita.com.pa\/2017\/wp-json\/wp\/v2\/media?parent=10237"}],"wp:term":[{"taxonomy":"category","embeddable":true,"href":"https:\/\/mifavorita.com.pa\/2017\/wp-json\/wp\/v2\/categories?post=10237"},{"taxonomy":"post_tag","embeddable":true,"href":"https:\/\/mifavorita.com.pa\/2017\/wp-json\/wp\/v2\/tags?post=10237"}],"curies":[{"name":"wp","href":"https:\/\/api.w.org\/{rel}","templated":true}]}}