{"id":10245,"date":"2023-12-07T22:21:08","date_gmt":"2023-12-07T22:21:08","guid":{"rendered":"https:\/\/mifavorita.com.pa\/2017\/?p=10245"},"modified":"2023-12-14T15:54:53","modified_gmt":"2023-12-14T15:54:53","slug":"entregan-orden-de-proceder-para-centro-de-bellas-artes-y-folklore-en-penonome","status":"publish","type":"post","link":"https:\/\/mifavorita.com.pa\/2017\/entregan-orden-de-proceder-para-centro-de-bellas-artes-y-folklore-en-penonome\/","title":{"rendered":"ENTREGAN ORDEN DE PROCEDER PARA CENTRO DE BELLAS ARTES Y FOLKLORE EN PENONOM\u00c9"},"content":{"rendered":"\n<p>DAR\u00cdO FERN\u00c1NDEZ ALZAMORA<\/p>\n\n\n\n<p>Con una inversi\u00f3n de 10 millones 888 mil balboas y con un periodo de ejecuci\u00f3n de un a\u00f1o, el Ministerio de Cultura entreg\u00f3 la orden de proceder del nuevo Centro de Educaci\u00f3n Superior de Bellas Artes y Folklore y Centro Cultural \u201cEstelina Tejeira\u201d.<\/p>\n\n\n\n<p><br \/>Esta obra estar\u00e1 a cargo de la empresa CECODSA y contempla el estudio, desarrollo de planos, construcci\u00f3n, equipamientos y mobiliario del edificio.<br \/>Gisel Gonz\u00e1lez, ministra de Cultura, destac\u00f3 que en el centro converger\u00e1 la educaci\u00f3n con la cultura en la promoci\u00f3n art\u00edstica y cultural de la provincia de Cocl\u00e9 y la construcci\u00f3n de este edificio se convertir\u00e1 en un \u00edcono cultural.<\/p>\n\n\n\n<figure class=\"wp-block-image size-large\"><img fetchpriority=\"high\" decoding=\"async\" width=\"1024\" height=\"565\" src=\"https:\/\/mifavorita.com.pa\/2017\/wp-content\/uploads\/2023\/12\/d529fa74-f05b-4677-a247-fc4a163cfb16-1-1024x565.jpg\" alt=\"\" class=\"wp-image-10303\" srcset=\"https:\/\/mifavorita.com.pa\/2017\/wp-content\/uploads\/2023\/12\/d529fa74-f05b-4677-a247-fc4a163cfb16-1-1024x565.jpg 1024w, https:\/\/mifavorita.com.pa\/2017\/wp-content\/uploads\/2023\/12\/d529fa74-f05b-4677-a247-fc4a163cfb16-1-300x166.jpg 300w, https:\/\/mifavorita.com.pa\/2017\/wp-content\/uploads\/2023\/12\/d529fa74-f05b-4677-a247-fc4a163cfb16-1-768x424.jpg 768w, https:\/\/mifavorita.com.pa\/2017\/wp-content\/uploads\/2023\/12\/d529fa74-f05b-4677-a247-fc4a163cfb16-1-1200x662.jpg 1200w, https:\/\/mifavorita.com.pa\/2017\/wp-content\/uploads\/2023\/12\/d529fa74-f05b-4677-a247-fc4a163cfb16-1.jpg 1310w\" sizes=\"(max-width: 1024px) 100vw, 1024px\" \/><\/figure>\n\n\n\n<p><br \/>El edificio contar\u00e1 con salones amplios dise\u00f1ados para una educaci\u00f3n cultural de primer mundo ya que por ejemplo las clases de m\u00fasica tendr\u00e1n sus aislantes de sonido, tendr\u00e1 auditorio, espacio al aire libre y \u00e1rea de conversatorio.<\/p>\n\n\n\n<p><br \/>Actualmente el proyecto se encuentra en la etapa de estudio y dise\u00f1o seg\u00fan inform\u00f3 el ministerio, el mismo estar\u00e1 ubicado en el sitio donde actualmente se encuentra la escuela de m\u00fasica y el \u00e1rea de construcci\u00f3n abarca 6 mil 711.81 metros cuadrados, con \u00e1rea cerrada de 5 mil 905.60 metros cuadrados y con un \u00e1rea abierta de 506.21 metros cuadrados.<\/p>\n","protected":false},"excerpt":{"rendered":"<p>DAR\u00cdO FERN\u00c1NDEZ ALZAMORA Con una inversi\u00f3n de 10 millones 888 mil balboas y con un periodo de ejecuci\u00f3n de un a\u00f1o, el Ministerio de Cultura entreg\u00f3 la orden de proceder del nuevo Centro de Educaci\u00f3n Superior de Bellas Artes y Folklore y Centro Cultural \u201cEstelina Tejeira\u201d. Esta obra estar\u00e1 a cargo de la empresa CECODSA [&hellip;]<\/p>\n","protected":false},"author":2,"featured_media":10244,"comment_status":"closed","ping_status":"open","sticky":false,"template":"","format":"standard","meta":{"footnotes":""},"categories":[1],"tags":[],"class_list":["post-10245","post","type-post","status-publish","format-standard","has-post-thumbnail","hentry","category-noticias"],"_links":{"self":[{"href":"https:\/\/mifavorita.com.pa\/2017\/wp-json\/wp\/v2\/posts\/10245","targetHints":{"allow":["GET"]}}],"collection":[{"href":"https:\/\/mifavorita.com.pa\/2017\/wp-json\/wp\/v2\/posts"}],"about":[{"href":"https:\/\/mifavorita.com.pa\/2017\/wp-json\/wp\/v2\/types\/post"}],"author":[{"embeddable":true,"href":"https:\/\/mifavorita.com.pa\/2017\/wp-json\/wp\/v2\/users\/2"}],"replies":[{"embeddable":true,"href":"https:\/\/mifavorita.com.pa\/2017\/wp-json\/wp\/v2\/comments?post=10245"}],"version-history":[{"count":3,"href":"https:\/\/mifavorita.com.pa\/2017\/wp-json\/wp\/v2\/posts\/10245\/revisions"}],"predecessor-version":[{"id":10305,"href":"https:\/\/mifavorita.com.pa\/2017\/wp-json\/wp\/v2\/posts\/10245\/revisions\/10305"}],"wp:featuredmedia":[{"embeddable":true,"href":"https:\/\/mifavorita.com.pa\/2017\/wp-json\/wp\/v2\/media\/10244"}],"wp:attachment":[{"href":"https:\/\/mifavorita.com.pa\/2017\/wp-json\/wp\/v2\/media?parent=10245"}],"wp:term":[{"taxonomy":"category","embeddable":true,"href":"https:\/\/mifavorita.com.pa\/2017\/wp-json\/wp\/v2\/categories?post=10245"},{"taxonomy":"post_tag","embeddable":true,"href":"https:\/\/mifavorita.com.pa\/2017\/wp-json\/wp\/v2\/tags?post=10245"}],"curies":[{"name":"wp","href":"https:\/\/api.w.org\/{rel}","templated":true}]}}