{"id":10250,"date":"2023-12-07T22:48:52","date_gmt":"2023-12-07T22:48:52","guid":{"rendered":"https:\/\/mifavorita.com.pa\/2017\/?p=10250"},"modified":"2023-12-07T22:48:54","modified_gmt":"2023-12-07T22:48:54","slug":"personal-de-la-acodeco-sigue-detectando-irregularidades-en-comercios-de-cocle-durante-operativos","status":"publish","type":"post","link":"https:\/\/mifavorita.com.pa\/2017\/personal-de-la-acodeco-sigue-detectando-irregularidades-en-comercios-de-cocle-durante-operativos\/","title":{"rendered":"PERSONAL DE LA ACODECO SIGUE DETECTANDO IRREGULARIDADES EN COMERCIOS DE COCL\u00c9 DURANTE OPERATIVOS"},"content":{"rendered":"\n<p>DAMGELA DE LE\u00d3N&nbsp;<\/p>\n\n\n\n<p>Mediante un operativo nocturno, la Autoridad de Protecci\u00f3n Al Consumidor y Defensa de la Competencia, detect\u00f3 en varios supermercados y centros comerciales de la provincia de Cocl\u00e9, anomal\u00edas como productos vencidos o deteriorados que se encontraban a la venta y sin los debidos tiquetes con los precios a la vista de los consumidores.&nbsp;<\/p>\n\n\n\n<p>En el distrito de Aguadulce, fueron visitados 2 supermercados, en donde se registr\u00f3 m\u00e1s de 300 productos vencidos, 20 deteriorados, 31 sin precio a la vista, 42 sin fecha de vencimiento, y 6 que no coincid\u00edan sus precios al ser pasados en esc\u00e1neres. <\/p>\n\n\n\n<figure class=\"wp-block-image size-large\"><img fetchpriority=\"high\" decoding=\"async\" width=\"1024\" height=\"979\" src=\"https:\/\/mifavorita.com.pa\/2017\/wp-content\/uploads\/2023\/12\/1754b1a2-d45a-4f20-86c9-d56b3266a1d5-1-1024x979.jpg\" class=\"wp-image-10248\" srcset=\"https:\/\/mifavorita.com.pa\/2017\/wp-content\/uploads\/2023\/12\/1754b1a2-d45a-4f20-86c9-d56b3266a1d5-1-1024x979.jpg 1024w, https:\/\/mifavorita.com.pa\/2017\/wp-content\/uploads\/2023\/12\/1754b1a2-d45a-4f20-86c9-d56b3266a1d5-1-300x287.jpg 300w, https:\/\/mifavorita.com.pa\/2017\/wp-content\/uploads\/2023\/12\/1754b1a2-d45a-4f20-86c9-d56b3266a1d5-1-768x735.jpg 768w, https:\/\/mifavorita.com.pa\/2017\/wp-content\/uploads\/2023\/12\/1754b1a2-d45a-4f20-86c9-d56b3266a1d5-1.jpg 1170w\" sizes=\"(max-width: 1024px) 100vw, 1024px\" \/><\/figure>\n\n\n\n<p>Este operativo&nbsp;navide\u00f1o&nbsp;que han denominado \u201cCompara, Comprueba, Consume\u201d, la ACODECO busca que los clientes puedan mantenerse vigilantes de los productos o servicios que desean obtener, de manera que la relaci\u00f3n calidad y precio, sea fiable.&nbsp;<\/p>\n\n\n\n<p>En todo Cocl\u00e9 se han instalado m\u00f3dulos de atenci\u00f3n al cliente para que la poblaci\u00f3n pueda acudir a presentar quejas o resolver sus dudas, de manera en que se procure la econom\u00eda familiar y el compromiso de los comerciantes.&nbsp;<\/p>\n\n\n\n<p>Dentro de Penonom\u00e9, en la Avenida Central y en el patio terminal, estar\u00e1 personal en estos m\u00f3dulos de atenci\u00f3n de 10:30 de la ma\u00f1ana a 6:00 de la tarde. <\/p>\n\n\n\n<figure class=\"wp-block-image size-large\"><img decoding=\"async\" width=\"1024\" height=\"983\" src=\"https:\/\/mifavorita.com.pa\/2017\/wp-content\/uploads\/2023\/12\/79c35465-1d95-4543-bcfe-72232d625fec-1-1024x983.jpg\" class=\"wp-image-10249\" srcset=\"https:\/\/mifavorita.com.pa\/2017\/wp-content\/uploads\/2023\/12\/79c35465-1d95-4543-bcfe-72232d625fec-1-1024x983.jpg 1024w, https:\/\/mifavorita.com.pa\/2017\/wp-content\/uploads\/2023\/12\/79c35465-1d95-4543-bcfe-72232d625fec-1-300x288.jpg 300w, https:\/\/mifavorita.com.pa\/2017\/wp-content\/uploads\/2023\/12\/79c35465-1d95-4543-bcfe-72232d625fec-1-768x737.jpg 768w, https:\/\/mifavorita.com.pa\/2017\/wp-content\/uploads\/2023\/12\/79c35465-1d95-4543-bcfe-72232d625fec-1.jpg 1157w\" sizes=\"(max-width: 1024px) 100vw, 1024px\" \/><\/figure>\n\n\n\n<p>Por ejemplo, en otras provincias como Veraguas y Chiriqu\u00ed, los reportes han indicado una alta incidencia en productos vencidos y anomal\u00edas con sus precios. Las boletas ascienden a miles de d\u00f3lares seg\u00fan la cantidad de faltas.&nbsp;<\/p>\n\n\n\n<p>La ACODECO ha anunciado que esta actividad se mantendr\u00e1 durante todo el mes de diciembre a nivel nacional, desde tempranas horas de la ma\u00f1ana, hasta altas horas de la noche.<\/p>\n","protected":false},"excerpt":{"rendered":"<p>DAMGELA DE LE\u00d3N&nbsp; Mediante un operativo nocturno, la Autoridad de Protecci\u00f3n Al Consumidor y Defensa de la Competencia, detect\u00f3 en varios supermercados y centros comerciales de la provincia de Cocl\u00e9, anomal\u00edas como productos vencidos o deteriorados que se encontraban a la venta y sin los debidos tiquetes con los precios a la vista de los [&hellip;]<\/p>\n","protected":false},"author":2,"featured_media":10247,"comment_status":"closed","ping_status":"open","sticky":false,"template":"","format":"standard","meta":{"footnotes":""},"categories":[1],"tags":[],"class_list":["post-10250","post","type-post","status-publish","format-standard","has-post-thumbnail","hentry","category-noticias"],"_links":{"self":[{"href":"https:\/\/mifavorita.com.pa\/2017\/wp-json\/wp\/v2\/posts\/10250","targetHints":{"allow":["GET"]}}],"collection":[{"href":"https:\/\/mifavorita.com.pa\/2017\/wp-json\/wp\/v2\/posts"}],"about":[{"href":"https:\/\/mifavorita.com.pa\/2017\/wp-json\/wp\/v2\/types\/post"}],"author":[{"embeddable":true,"href":"https:\/\/mifavorita.com.pa\/2017\/wp-json\/wp\/v2\/users\/2"}],"replies":[{"embeddable":true,"href":"https:\/\/mifavorita.com.pa\/2017\/wp-json\/wp\/v2\/comments?post=10250"}],"version-history":[{"count":1,"href":"https:\/\/mifavorita.com.pa\/2017\/wp-json\/wp\/v2\/posts\/10250\/revisions"}],"predecessor-version":[{"id":10251,"href":"https:\/\/mifavorita.com.pa\/2017\/wp-json\/wp\/v2\/posts\/10250\/revisions\/10251"}],"wp:featuredmedia":[{"embeddable":true,"href":"https:\/\/mifavorita.com.pa\/2017\/wp-json\/wp\/v2\/media\/10247"}],"wp:attachment":[{"href":"https:\/\/mifavorita.com.pa\/2017\/wp-json\/wp\/v2\/media?parent=10250"}],"wp:term":[{"taxonomy":"category","embeddable":true,"href":"https:\/\/mifavorita.com.pa\/2017\/wp-json\/wp\/v2\/categories?post=10250"},{"taxonomy":"post_tag","embeddable":true,"href":"https:\/\/mifavorita.com.pa\/2017\/wp-json\/wp\/v2\/tags?post=10250"}],"curies":[{"name":"wp","href":"https:\/\/api.w.org\/{rel}","templated":true}]}}