{"id":10254,"date":"2023-12-07T23:38:40","date_gmt":"2023-12-07T23:38:40","guid":{"rendered":"https:\/\/mifavorita.com.pa\/2017\/?p=10254"},"modified":"2023-12-07T23:38:43","modified_gmt":"2023-12-07T23:38:43","slug":"pronto-estara-culminado-puente-sobre-el-rio-caimital-asegura-el-mop","status":"publish","type":"post","link":"https:\/\/mifavorita.com.pa\/2017\/pronto-estara-culminado-puente-sobre-el-rio-caimital-asegura-el-mop\/","title":{"rendered":"PRONTO ESTAR\u00c1 CULMINADO PUENTE SOBRE EL R\u00cdO CAIMITAL, ASEGURA EL MOP"},"content":{"rendered":"\n<p>EDILSA GONZ\u00c1LEZ ROCA<\/p>\n\n\n\n<p>En unas dos semanas podr\u00eda estar terminado el puente modular sobre el r\u00edo Caimital en el corregimiento de Tul\u00fa, distrito de Penonom\u00e9, as\u00ed lo asegur\u00f3 Edney Mariscal del Ministerio de Obras P\u00fablicas quien agreg\u00f3 que el avance de la infraestructura es de un 95%.<\/p>\n\n\n\n<p>Seg\u00fan Mariscal tras la situaci\u00f3n de crisis en el pa\u00eds y el cierre de v\u00edas que paralizaron algunas obras, ya se han retomado las obras y en el caso del puente de caimital se est\u00e1 en proceso de colocaci\u00f3n de parapeto que debe culminar la pr\u00f3xima semana y luego se trabajar\u00e1 en los accesos y dejarlo habilitado para el paso vehicular.<\/p>\n\n\n\n<p>Indic\u00f3 que una vez terminado el puente de Caimital ir\u00e1n entonces a trabajar en el puente de Zumbador que tiene las bases colocadas y est\u00e1 para el montaje del puente modular trabajos que tienen una duraci\u00f3n aproximada de 2 meses lo que esperan poder cumplir tomando en cuenta que se han entrado en temporada seca.<\/p>\n\n\n\n<p>A destacar que estos puentes se realizan con la colaboraci\u00f3n de las comunidades en cuanto a mano de obra y atenci\u00f3n de las cuadrillas de puentes del MOP que viajan de distintas provincias, la Junta Comunal de Tul\u00fa con los materiales para la construcci\u00f3n de las bases y otros apoyos de la regional del MOP.<\/p>\n\n\n\n<figure class=\"wp-block-image size-large\"><img fetchpriority=\"high\" decoding=\"async\" width=\"577\" height=\"1024\" src=\"https:\/\/mifavorita.com.pa\/2017\/wp-content\/uploads\/2023\/12\/c87f4d3a-9c39-4bf8-acf0-0c62c9be4ddc-1-577x1024.jpg\" class=\"wp-image-10253\" srcset=\"https:\/\/mifavorita.com.pa\/2017\/wp-content\/uploads\/2023\/12\/c87f4d3a-9c39-4bf8-acf0-0c62c9be4ddc-1-577x1024.jpg 577w, https:\/\/mifavorita.com.pa\/2017\/wp-content\/uploads\/2023\/12\/c87f4d3a-9c39-4bf8-acf0-0c62c9be4ddc-1-169x300.jpg 169w, https:\/\/mifavorita.com.pa\/2017\/wp-content\/uploads\/2023\/12\/c87f4d3a-9c39-4bf8-acf0-0c62c9be4ddc-1-768x1364.jpg 768w, https:\/\/mifavorita.com.pa\/2017\/wp-content\/uploads\/2023\/12\/c87f4d3a-9c39-4bf8-acf0-0c62c9be4ddc-1-865x1536.jpg 865w, https:\/\/mifavorita.com.pa\/2017\/wp-content\/uploads\/2023\/12\/c87f4d3a-9c39-4bf8-acf0-0c62c9be4ddc-1.jpg 901w\" sizes=\"(max-width: 577px) 100vw, 577px\" \/><\/figure>\n\n\n\n<p>Mariscal adelant\u00f3 que para el pr\u00f3ximo verano a finales de febrero o marzo deber\u00edan estar entrando a la comunidad de Boca de Tul\u00fa, en donde tambi\u00e9n est\u00e1 pendiente otro puente modular que esperar\u00e1n a la temporada seca pues durante las lluvias se complica el traslado de materiales y los trabajos por ser un \u00e1rea apartada.<\/p>\n\n\n\n<p>El Ministerio de Obras P\u00fablicas aprob\u00f3 para la provincia de Cocl\u00e9 la construcci\u00f3n de un total de 13 puentes modulares, siete ser\u00e1n construidos por el MOP y otros seis le fueron adjudicados la empresa CUSA que ya ha terminado el puente de La Colorada en Juan D\u00edaz y est\u00e1 trabajando en el puente en Bajito de San Miguel.<\/p>\n\n\n\n<p>El MOP por su parte termin\u00f3 el puente en Boca de Tucu\u00e9, est\u00e1 terminado el de Caimital y continuar\u00e1 en Zumbador, le quedan por construir en La Yeguada de Huacas, en Los Zules y Ribazo en Penonom\u00e9, en el R\u00edo Coclesito que conecta las comunidades de Moreno y Sardina en La Pintad.<\/p>\n\n\n\n<p>Mientras CUSA deber\u00e1 construir los puentes modulares de Bazo sobre el r\u00edo U, sobre el r\u00edo Chorrera en San Juan de Dios, Tres Hermanas en R\u00edo Indio y Tres Brazos de Turbe en Llano Norte.<\/p>\n","protected":false},"excerpt":{"rendered":"<p>EDILSA GONZ\u00c1LEZ ROCA En unas dos semanas podr\u00eda estar terminado el puente modular sobre el r\u00edo Caimital en el corregimiento de Tul\u00fa, distrito de Penonom\u00e9, as\u00ed lo asegur\u00f3 Edney Mariscal del Ministerio de Obras P\u00fablicas quien agreg\u00f3 que el avance de la infraestructura es de un 95%. Seg\u00fan Mariscal tras la situaci\u00f3n de crisis en [&hellip;]<\/p>\n","protected":false},"author":2,"featured_media":10252,"comment_status":"closed","ping_status":"open","sticky":false,"template":"","format":"standard","meta":{"footnotes":""},"categories":[1],"tags":[],"class_list":["post-10254","post","type-post","status-publish","format-standard","has-post-thumbnail","hentry","category-noticias"],"_links":{"self":[{"href":"https:\/\/mifavorita.com.pa\/2017\/wp-json\/wp\/v2\/posts\/10254","targetHints":{"allow":["GET"]}}],"collection":[{"href":"https:\/\/mifavorita.com.pa\/2017\/wp-json\/wp\/v2\/posts"}],"about":[{"href":"https:\/\/mifavorita.com.pa\/2017\/wp-json\/wp\/v2\/types\/post"}],"author":[{"embeddable":true,"href":"https:\/\/mifavorita.com.pa\/2017\/wp-json\/wp\/v2\/users\/2"}],"replies":[{"embeddable":true,"href":"https:\/\/mifavorita.com.pa\/2017\/wp-json\/wp\/v2\/comments?post=10254"}],"version-history":[{"count":1,"href":"https:\/\/mifavorita.com.pa\/2017\/wp-json\/wp\/v2\/posts\/10254\/revisions"}],"predecessor-version":[{"id":10255,"href":"https:\/\/mifavorita.com.pa\/2017\/wp-json\/wp\/v2\/posts\/10254\/revisions\/10255"}],"wp:featuredmedia":[{"embeddable":true,"href":"https:\/\/mifavorita.com.pa\/2017\/wp-json\/wp\/v2\/media\/10252"}],"wp:attachment":[{"href":"https:\/\/mifavorita.com.pa\/2017\/wp-json\/wp\/v2\/media?parent=10254"}],"wp:term":[{"taxonomy":"category","embeddable":true,"href":"https:\/\/mifavorita.com.pa\/2017\/wp-json\/wp\/v2\/categories?post=10254"},{"taxonomy":"post_tag","embeddable":true,"href":"https:\/\/mifavorita.com.pa\/2017\/wp-json\/wp\/v2\/tags?post=10254"}],"curies":[{"name":"wp","href":"https:\/\/api.w.org\/{rel}","templated":true}]}}