{"id":10261,"date":"2023-12-12T15:12:05","date_gmt":"2023-12-12T15:12:05","guid":{"rendered":"https:\/\/mifavorita.com.pa\/2017\/?p=10261"},"modified":"2023-12-12T15:12:08","modified_gmt":"2023-12-12T15:12:08","slug":"residentes-de-la-provincia-de-cocle-disfrutan-del-encendido-de-luces-de-arboles-de-navidad-en-sus-comunidades","status":"publish","type":"post","link":"https:\/\/mifavorita.com.pa\/2017\/residentes-de-la-provincia-de-cocle-disfrutan-del-encendido-de-luces-de-arboles-de-navidad-en-sus-comunidades\/","title":{"rendered":"RESIDENTES DE LA PROVINCIA DE COCL\u00c9 DISFRUTAN DEL ENCENDIDO DE LUCES DE \u00c1RBOLES DE NAVIDAD EN SUS COMUNIDADES"},"content":{"rendered":"\n<p>DAMGELA DE LE\u00d3N&nbsp;<\/p>\n\n\n\n<p>Con mucha emoci\u00f3n ni\u00f1os y adultos disfrutaron de espect\u00e1culos, m\u00fasica, dulces y sorpresas en los encendidos de arbolitos navide\u00f1os en diferentes comunidades de la provincia, como pre\u00e1mbulo a la navidad este fin de semana. Uno de esos actos se realiz\u00f3 en el Parque 15 de Enero en Ant\u00f3n, en donde luego de la misa diaria, cientos de personas se reunieron alrededor de la plaza principal para participar de la encendida de todo el parque.&nbsp;<\/p>\n\n\n\n<p>Esta actividad organizada por la Alcald\u00eda, cont\u00f3 con la participaci\u00f3n de animadores y payasos que invitaron a los ni\u00f1os al escenario a realizar juegos tradicionales, y tambi\u00e9n la Junta Comunal, encendi\u00f3 un nacimiento muy al estilo interiorano con cr\u00edas de animales de granja que fueron reunidos en corrales para que los ni\u00f1os pudieran interactuar, al igual que les ofrec\u00edan pollitos como regalo para su cr\u00eda. <\/p>\n\n\n\n<figure class=\"wp-block-image size-large\"><img fetchpriority=\"high\" decoding=\"async\" width=\"824\" height=\"1024\" src=\"https:\/\/mifavorita.com.pa\/2017\/wp-content\/uploads\/2023\/12\/8f51dc35-9286-46cc-8dd3-d35f8918d12d-1-824x1024.jpg\" class=\"wp-image-10258\" srcset=\"https:\/\/mifavorita.com.pa\/2017\/wp-content\/uploads\/2023\/12\/8f51dc35-9286-46cc-8dd3-d35f8918d12d-1-824x1024.jpg 824w, https:\/\/mifavorita.com.pa\/2017\/wp-content\/uploads\/2023\/12\/8f51dc35-9286-46cc-8dd3-d35f8918d12d-1-241x300.jpg 241w, https:\/\/mifavorita.com.pa\/2017\/wp-content\/uploads\/2023\/12\/8f51dc35-9286-46cc-8dd3-d35f8918d12d-1-768x954.jpg 768w, https:\/\/mifavorita.com.pa\/2017\/wp-content\/uploads\/2023\/12\/8f51dc35-9286-46cc-8dd3-d35f8918d12d-1.jpg 1030w\" sizes=\"(max-width: 824px) 100vw, 824px\" \/><\/figure>\n\n\n\n<p>El escenario tambi\u00e9n fue el Parque 8 de Diciembre en Penonom\u00e9, que, pasada la novena en honor a la Inmaculada Concepci\u00f3n, encendi\u00f3 su gran \u00e1rbol, seguido de un espect\u00e1culo de fuegos artificiales y m\u00fasica en vivo. <\/p>\n\n\n\n<figure class=\"wp-block-image size-large\"><img decoding=\"async\" width=\"826\" height=\"1024\" src=\"https:\/\/mifavorita.com.pa\/2017\/wp-content\/uploads\/2023\/12\/4847ceba-f051-4627-8af0-98e5b1996271-1-826x1024.jpg\" class=\"wp-image-10259\" srcset=\"https:\/\/mifavorita.com.pa\/2017\/wp-content\/uploads\/2023\/12\/4847ceba-f051-4627-8af0-98e5b1996271-1-826x1024.jpg 826w, https:\/\/mifavorita.com.pa\/2017\/wp-content\/uploads\/2023\/12\/4847ceba-f051-4627-8af0-98e5b1996271-1-242x300.jpg 242w, https:\/\/mifavorita.com.pa\/2017\/wp-content\/uploads\/2023\/12\/4847ceba-f051-4627-8af0-98e5b1996271-1-768x953.jpg 768w, https:\/\/mifavorita.com.pa\/2017\/wp-content\/uploads\/2023\/12\/4847ceba-f051-4627-8af0-98e5b1996271-1.jpg 1032w\" sizes=\"(max-width: 826px) 100vw, 826px\" \/><\/figure>\n\n\n\n<p>Los presentes tambi\u00e9n disfrutaron de snacks y regalos, todo como parte del programa del Municipio denominado\u201cPenonom\u00e9 m\u00e1gica\u201d, que ha establecido una agenda de actividades que incluyen las Patronales del distrito.&nbsp;<\/p>\n\n\n\n<p>En El Cocal de Penonom\u00e9 tambi\u00e9n realizaron su encendida con un \u00e1rbol hecho de elementos naturales y adornado con figuras t\u00edpicas paname\u00f1as. El Cristo en Aguadulce, tambi\u00e9n convoc\u00f3 a todos sus residentes a presenciar un a\u00f1o m\u00e1s la apertura de las festividades navide\u00f1as con la inauguraci\u00f3n de luces del \u00e1rbol m\u00e1s grande de Centroam\u00e9rica. <\/p>\n\n\n\n<figure class=\"wp-block-image size-large\"><img decoding=\"async\" width=\"898\" height=\"1024\" src=\"https:\/\/mifavorita.com.pa\/2017\/wp-content\/uploads\/2023\/12\/a751267f-f11b-4b45-a246-1d8d3ba74850-1-898x1024.jpg\" class=\"wp-image-10260\" srcset=\"https:\/\/mifavorita.com.pa\/2017\/wp-content\/uploads\/2023\/12\/a751267f-f11b-4b45-a246-1d8d3ba74850-1-898x1024.jpg 898w, https:\/\/mifavorita.com.pa\/2017\/wp-content\/uploads\/2023\/12\/a751267f-f11b-4b45-a246-1d8d3ba74850-1-263x300.jpg 263w, https:\/\/mifavorita.com.pa\/2017\/wp-content\/uploads\/2023\/12\/a751267f-f11b-4b45-a246-1d8d3ba74850-1-768x875.jpg 768w, https:\/\/mifavorita.com.pa\/2017\/wp-content\/uploads\/2023\/12\/a751267f-f11b-4b45-a246-1d8d3ba74850-1.jpg 1123w\" sizes=\"(max-width: 898px) 100vw, 898px\" \/><\/figure>\n\n\n\n<p>El Cop\u00e9 de Ol\u00e1 elabor\u00f3 un a\u00f1o m\u00e1s su \u00e1rbol de botellas recicladas, que, durante meses, reuni\u00f3 a residentes de las comunidades cercanas en la recolecci\u00f3n de los materiales para su construcci\u00f3n casa por casa y en \u00e1reas comunes para poder realizar su encendida, el pasado s\u00e1bado 9 de diciembre.<\/p>\n","protected":false},"excerpt":{"rendered":"<p>DAMGELA DE LE\u00d3N&nbsp; Con mucha emoci\u00f3n ni\u00f1os y adultos disfrutaron de espect\u00e1culos, m\u00fasica, dulces y sorpresas en los encendidos de arbolitos navide\u00f1os en diferentes comunidades de la provincia, como pre\u00e1mbulo a la navidad este fin de semana. Uno de esos actos se realiz\u00f3 en el Parque 15 de Enero en Ant\u00f3n, en donde luego de [&hellip;]<\/p>\n","protected":false},"author":2,"featured_media":10257,"comment_status":"closed","ping_status":"open","sticky":false,"template":"","format":"standard","meta":{"footnotes":""},"categories":[1],"tags":[],"class_list":["post-10261","post","type-post","status-publish","format-standard","has-post-thumbnail","hentry","category-noticias"],"_links":{"self":[{"href":"https:\/\/mifavorita.com.pa\/2017\/wp-json\/wp\/v2\/posts\/10261","targetHints":{"allow":["GET"]}}],"collection":[{"href":"https:\/\/mifavorita.com.pa\/2017\/wp-json\/wp\/v2\/posts"}],"about":[{"href":"https:\/\/mifavorita.com.pa\/2017\/wp-json\/wp\/v2\/types\/post"}],"author":[{"embeddable":true,"href":"https:\/\/mifavorita.com.pa\/2017\/wp-json\/wp\/v2\/users\/2"}],"replies":[{"embeddable":true,"href":"https:\/\/mifavorita.com.pa\/2017\/wp-json\/wp\/v2\/comments?post=10261"}],"version-history":[{"count":1,"href":"https:\/\/mifavorita.com.pa\/2017\/wp-json\/wp\/v2\/posts\/10261\/revisions"}],"predecessor-version":[{"id":10262,"href":"https:\/\/mifavorita.com.pa\/2017\/wp-json\/wp\/v2\/posts\/10261\/revisions\/10262"}],"wp:featuredmedia":[{"embeddable":true,"href":"https:\/\/mifavorita.com.pa\/2017\/wp-json\/wp\/v2\/media\/10257"}],"wp:attachment":[{"href":"https:\/\/mifavorita.com.pa\/2017\/wp-json\/wp\/v2\/media?parent=10261"}],"wp:term":[{"taxonomy":"category","embeddable":true,"href":"https:\/\/mifavorita.com.pa\/2017\/wp-json\/wp\/v2\/categories?post=10261"},{"taxonomy":"post_tag","embeddable":true,"href":"https:\/\/mifavorita.com.pa\/2017\/wp-json\/wp\/v2\/tags?post=10261"}],"curies":[{"name":"wp","href":"https:\/\/api.w.org\/{rel}","templated":true}]}}