{"id":10264,"date":"2023-12-12T20:46:22","date_gmt":"2023-12-12T20:46:22","guid":{"rendered":"https:\/\/mifavorita.com.pa\/2017\/?p=10264"},"modified":"2023-12-12T20:46:24","modified_gmt":"2023-12-12T20:46:24","slug":"colocaran-puesto-de-emergencia-en-rio-hato-para-las-fiestas-de-fin-de-ano","status":"publish","type":"post","link":"https:\/\/mifavorita.com.pa\/2017\/colocaran-puesto-de-emergencia-en-rio-hato-para-las-fiestas-de-fin-de-ano\/","title":{"rendered":"COLOCAR\u00c1N PUESTO DE EMERGENCIA EN R\u00cdO HATO PARA LAS FIESTAS DE FIN DE A\u00d1O"},"content":{"rendered":"\n<p>DAR\u00cdO FERN\u00c1NDEZ ALZAMORA <\/p>\n\n\n\n<p><br>Con el objetivo de garantizar una respuesta r\u00e1pida y efectiva ante posibles emergencias durante las festividades de fin de a\u00f1o, el ministerio de salud anuncia la instalaci\u00f3n, por segundo a\u00f1o consecutivo, de un puesto de atenci\u00f3n de emergencia en la localidad de R\u00edo Hato.<\/p>\n\n\n\n<p><br>La iniciativa, en colaboraci\u00f3n con diversas instituciones, busca brindar asistencia inmediata a aquellos que puedan resultar afectados por accidentes durante el periodo comprendido entre el 22 de diciembre y el 2 de enero.<\/p>\n\n\n\n<p><br>Mario Lozada, director de Salud en la provincia de Cocl\u00e9, destac\u00f3 la importancia estrat\u00e9gica de este puesto, mismo que estar\u00e1 ubicado en el mall de R\u00edo Hato, como un punto clave para atender eventualidades tanto en la carretera panamericana como en las zonas de playa del distrito. Subray\u00f3 que la coordinaci\u00f3n con los hospitales locales est\u00e1 garantizada para asegurar el traslado oportuno de pacientes que requieran atenci\u00f3n hospitalaria.<\/p>\n\n\n\n<p><br>Diversas entidades se han unido a este esfuerzo, entre ellas el Ministerio de Salud (Minsa), la Caja del Seguro Social, el Sistema Nacional de Protecci\u00f3n Civil (Sinaproc), la Polic\u00eda Nacional y los Bomberos de Cocl\u00e9.<\/p>\n\n\n\n<p><br>Lozada detall\u00f3 que el puesto de control de salud operar\u00e1 las 24 horas del d\u00eda con turnos de 8 horas cada uno. Cada turno contar\u00e1 con dos ambulancias, un operador de veh\u00edculos de emergencia, un param\u00e9dico, un m\u00e9dico y una enfermera, asegurando as\u00ed una cobertura completa para la atenci\u00f3n de emergencias.<\/p>\n\n\n\n<p><br>La provincia de Cocl\u00e9, siendo una ruta de tr\u00e1nsito obligatoria hacia otras provincias del interior, hist\u00f3ricamente ha registrado una cifra elevada de accidentes vehiculares incluso durante las festividades de fin de a\u00f1o por lo que este puesto de emergencia busca prevenir y responder eficazmente ante cualquier eventualidad.<\/p>\n","protected":false},"excerpt":{"rendered":"<p>DAR\u00cdO FERN\u00c1NDEZ ALZAMORA Con el objetivo de garantizar una respuesta r\u00e1pida y efectiva ante posibles emergencias durante las festividades de fin de a\u00f1o, el ministerio de salud anuncia la instalaci\u00f3n, por segundo a\u00f1o consecutivo, de un puesto de atenci\u00f3n de emergencia en la localidad de R\u00edo Hato. La iniciativa, en colaboraci\u00f3n con diversas instituciones, busca [&hellip;]<\/p>\n","protected":false},"author":2,"featured_media":10263,"comment_status":"closed","ping_status":"open","sticky":false,"template":"","format":"standard","meta":{"footnotes":""},"categories":[1],"tags":[],"class_list":["post-10264","post","type-post","status-publish","format-standard","has-post-thumbnail","hentry","category-noticias"],"_links":{"self":[{"href":"https:\/\/mifavorita.com.pa\/2017\/wp-json\/wp\/v2\/posts\/10264","targetHints":{"allow":["GET"]}}],"collection":[{"href":"https:\/\/mifavorita.com.pa\/2017\/wp-json\/wp\/v2\/posts"}],"about":[{"href":"https:\/\/mifavorita.com.pa\/2017\/wp-json\/wp\/v2\/types\/post"}],"author":[{"embeddable":true,"href":"https:\/\/mifavorita.com.pa\/2017\/wp-json\/wp\/v2\/users\/2"}],"replies":[{"embeddable":true,"href":"https:\/\/mifavorita.com.pa\/2017\/wp-json\/wp\/v2\/comments?post=10264"}],"version-history":[{"count":1,"href":"https:\/\/mifavorita.com.pa\/2017\/wp-json\/wp\/v2\/posts\/10264\/revisions"}],"predecessor-version":[{"id":10265,"href":"https:\/\/mifavorita.com.pa\/2017\/wp-json\/wp\/v2\/posts\/10264\/revisions\/10265"}],"wp:featuredmedia":[{"embeddable":true,"href":"https:\/\/mifavorita.com.pa\/2017\/wp-json\/wp\/v2\/media\/10263"}],"wp:attachment":[{"href":"https:\/\/mifavorita.com.pa\/2017\/wp-json\/wp\/v2\/media?parent=10264"}],"wp:term":[{"taxonomy":"category","embeddable":true,"href":"https:\/\/mifavorita.com.pa\/2017\/wp-json\/wp\/v2\/categories?post=10264"},{"taxonomy":"post_tag","embeddable":true,"href":"https:\/\/mifavorita.com.pa\/2017\/wp-json\/wp\/v2\/tags?post=10264"}],"curies":[{"name":"wp","href":"https:\/\/api.w.org\/{rel}","templated":true}]}}