{"id":10267,"date":"2023-12-13T12:50:40","date_gmt":"2023-12-13T12:50:40","guid":{"rendered":"https:\/\/mifavorita.com.pa\/2017\/?p=10267"},"modified":"2023-12-13T13:06:17","modified_gmt":"2023-12-13T13:06:17","slug":"aumentan-casos-de-dengue-en-la-provincia","status":"publish","type":"post","link":"https:\/\/mifavorita.com.pa\/2017\/aumentan-casos-de-dengue-en-la-provincia\/","title":{"rendered":"AUMENTAN CASOS DE DENGUE EN LA PROVINCIA"},"content":{"rendered":"\n<p>EDILSA GONZ\u00c1LEZ ROCA<\/p>\n\n\n\n<p>A 568 han aumentado los casos de dengue en la provincia de Cocl\u00e9, seg\u00fan el \u00faltimo reporte dado a conocer por el Ministerio de Salud. Del total de casos confirmados unos 54 corresponden a enfermos con signos de alarma por lo que mantienen las jornadas de volanteo y nebulizaciones en las distintas \u00e1reas afectadas.<\/p>\n\n\n\n<p>El distrito de Aguadulce sigue siendo el distrito con m\u00e1s casos registrados hasta la semana 46 en donde se hab\u00edan reportado unos 369 casos, en los corregimientos de Barrios Unidos se han dado 131, en Virgen del Carmen 127 y en Aguadulce cabecera 60 casos.<\/p>\n\n\n\n<figure class=\"wp-block-image size-large\"><img fetchpriority=\"high\" decoding=\"async\" width=\"1024\" height=\"576\" src=\"https:\/\/mifavorita.com.pa\/2017\/wp-content\/uploads\/2023\/12\/4c26326c-3491-4059-b380-b5320e278741-2-1-1024x576.jpg\" alt=\"\" class=\"wp-image-10282\" srcset=\"https:\/\/mifavorita.com.pa\/2017\/wp-content\/uploads\/2023\/12\/4c26326c-3491-4059-b380-b5320e278741-2-1-1024x576.jpg 1024w, https:\/\/mifavorita.com.pa\/2017\/wp-content\/uploads\/2023\/12\/4c26326c-3491-4059-b380-b5320e278741-2-1-300x169.jpg 300w, https:\/\/mifavorita.com.pa\/2017\/wp-content\/uploads\/2023\/12\/4c26326c-3491-4059-b380-b5320e278741-2-1-768x432.jpg 768w, https:\/\/mifavorita.com.pa\/2017\/wp-content\/uploads\/2023\/12\/4c26326c-3491-4059-b380-b5320e278741-2-1-1200x675.jpg 1200w, https:\/\/mifavorita.com.pa\/2017\/wp-content\/uploads\/2023\/12\/4c26326c-3491-4059-b380-b5320e278741-2-1.jpg 1280w\" sizes=\"(max-width: 1024px) 100vw, 1024px\" \/><\/figure>\n\n\n\n<p>Mientras que en Nat\u00e1 se han enfermado 53 personas, en La Pintada 37, en Penonom\u00e9 35, en Ant\u00f3n 18 y en Ol\u00e1 2, todos estos con dengue sin signos de alarma, mientras que casos de dengue grave se han dado 35 en Aguadulce, 6 en Penonom\u00e9, 5 en Ant\u00f3n, 5 en Nat\u00e1 y 4 en La Pintada para un total de 54 casos de dengue con signos de alarma.<\/p>\n\n\n\n<p>Querube D\u00edaz del Departamento de Promoci\u00f3n de la Salud del Minsa destac\u00f3 que ante la situaci\u00f3n el personal de Control de Vectores y en las distritales de salud se mantiene con jornadas de volanteos, charlas en las instalaciones y nebulizaciones en las comunidades afectadas.<\/p>\n\n\n\n<figure class=\"wp-block-image size-large\"><img decoding=\"async\" width=\"1024\" height=\"576\" src=\"https:\/\/mifavorita.com.pa\/2017\/wp-content\/uploads\/2023\/12\/c55f139b-7316-46bf-9286-6e095baa4076-1-1024x576.jpg\" alt=\"\" class=\"wp-image-10280\" srcset=\"https:\/\/mifavorita.com.pa\/2017\/wp-content\/uploads\/2023\/12\/c55f139b-7316-46bf-9286-6e095baa4076-1-1024x576.jpg 1024w, https:\/\/mifavorita.com.pa\/2017\/wp-content\/uploads\/2023\/12\/c55f139b-7316-46bf-9286-6e095baa4076-1-300x169.jpg 300w, https:\/\/mifavorita.com.pa\/2017\/wp-content\/uploads\/2023\/12\/c55f139b-7316-46bf-9286-6e095baa4076-1-768x432.jpg 768w, https:\/\/mifavorita.com.pa\/2017\/wp-content\/uploads\/2023\/12\/c55f139b-7316-46bf-9286-6e095baa4076-1-1536x864.jpg 1536w, https:\/\/mifavorita.com.pa\/2017\/wp-content\/uploads\/2023\/12\/c55f139b-7316-46bf-9286-6e095baa4076-1-1200x675.jpg 1200w, https:\/\/mifavorita.com.pa\/2017\/wp-content\/uploads\/2023\/12\/c55f139b-7316-46bf-9286-6e095baa4076-1.jpg 1599w\" sizes=\"(max-width: 1024px) 100vw, 1024px\" \/><\/figure>\n\n\n\n<p>Hizo el llamado a la poblaci\u00f3n a abrirles las puertas a los funcionarios del Minsa, pues la idea no es ir a sancionar sino a tratar de orientar a la poblaci\u00f3n sobre las mejores estrategias para el combate del mosquito Aedes Aegypti transmisor de la enfermedad.<\/p>\n\n\n\n<p>Indic\u00f3 que como en la provincia ya circulan los cuatro cero tipos del mosquito hay mayores posibilidades de que una persona sea picada por dos tipos distintos del vector, lo que aumenta el riesgo de que una persona pueda contraer dengue grave e incluso se reportan defunciones, por lo que la poblaci\u00f3n debe poner de su parte y evitar mantener criaderos.<\/p>\n","protected":false},"excerpt":{"rendered":"<p>EDILSA GONZ\u00c1LEZ ROCA A 568 han aumentado los casos de dengue en la provincia de Cocl\u00e9, seg\u00fan el \u00faltimo reporte dado a conocer por el Ministerio de Salud. Del total de casos confirmados unos 54 corresponden a enfermos con signos de alarma por lo que mantienen las jornadas de volanteo y nebulizaciones en las distintas [&hellip;]<\/p>\n","protected":false},"author":2,"featured_media":10266,"comment_status":"closed","ping_status":"open","sticky":false,"template":"","format":"standard","meta":{"footnotes":""},"categories":[1],"tags":[],"class_list":["post-10267","post","type-post","status-publish","format-standard","has-post-thumbnail","hentry","category-noticias"],"_links":{"self":[{"href":"https:\/\/mifavorita.com.pa\/2017\/wp-json\/wp\/v2\/posts\/10267","targetHints":{"allow":["GET"]}}],"collection":[{"href":"https:\/\/mifavorita.com.pa\/2017\/wp-json\/wp\/v2\/posts"}],"about":[{"href":"https:\/\/mifavorita.com.pa\/2017\/wp-json\/wp\/v2\/types\/post"}],"author":[{"embeddable":true,"href":"https:\/\/mifavorita.com.pa\/2017\/wp-json\/wp\/v2\/users\/2"}],"replies":[{"embeddable":true,"href":"https:\/\/mifavorita.com.pa\/2017\/wp-json\/wp\/v2\/comments?post=10267"}],"version-history":[{"count":4,"href":"https:\/\/mifavorita.com.pa\/2017\/wp-json\/wp\/v2\/posts\/10267\/revisions"}],"predecessor-version":[{"id":10284,"href":"https:\/\/mifavorita.com.pa\/2017\/wp-json\/wp\/v2\/posts\/10267\/revisions\/10284"}],"wp:featuredmedia":[{"embeddable":true,"href":"https:\/\/mifavorita.com.pa\/2017\/wp-json\/wp\/v2\/media\/10266"}],"wp:attachment":[{"href":"https:\/\/mifavorita.com.pa\/2017\/wp-json\/wp\/v2\/media?parent=10267"}],"wp:term":[{"taxonomy":"category","embeddable":true,"href":"https:\/\/mifavorita.com.pa\/2017\/wp-json\/wp\/v2\/categories?post=10267"},{"taxonomy":"post_tag","embeddable":true,"href":"https:\/\/mifavorita.com.pa\/2017\/wp-json\/wp\/v2\/tags?post=10267"}],"curies":[{"name":"wp","href":"https:\/\/api.w.org\/{rel}","templated":true}]}}