{"id":10271,"date":"2023-12-13T12:52:30","date_gmt":"2023-12-13T12:52:30","guid":{"rendered":"https:\/\/mifavorita.com.pa\/2017\/?p=10271"},"modified":"2023-12-13T12:52:32","modified_gmt":"2023-12-13T12:52:32","slug":"ano-2023-cerrara-con-casi-un-85-de-recaudacion-de-impuestos-en-el-distrito-de-anton-segun-alcalde","status":"publish","type":"post","link":"https:\/\/mifavorita.com.pa\/2017\/ano-2023-cerrara-con-casi-un-85-de-recaudacion-de-impuestos-en-el-distrito-de-anton-segun-alcalde\/","title":{"rendered":"A\u00d1O 2023 CERRAR\u00c1 CON CASI UN 85% DE RECAUDACI\u00d3N DE IMPUESTOS EN EL DISTRITO DE ANT\u00d3N, SEG\u00daN ALCALDE"},"content":{"rendered":"\n<p>DAMGELA DE LE\u00d3N<\/p>\n\n\n\n<p>Con casi 85% de recaudaci\u00f3n de impuestos se prev\u00e9 que cerrar\u00e1 el a\u00f1o 2023 en el Municipio de Ant\u00f3n, puesto que, por algunos meses irregulares, muchos de los contribuyentes presentan un retraso en el pago de sus responsabilidades.<\/p>\n\n\n\n<p>Este&nbsp;aspecto que impactar\u00e1 levemente en la planificaci\u00f3n del presupuesto del pr\u00f3ximo a\u00f1o, que debe ser presentado a inicios de la&nbsp;pr\u00f3xima semana por un poco m\u00e1s de 5 millones de balboas.<\/p>\n\n\n\n<p>As\u00ed lo dio a conocer Eric Dom\u00ednguez, alcalde de este distrito, quien se\u00f1al\u00f3 que el presupuesto que est\u00e1n elaborando, ser\u00e1 muy parecido en n\u00fameros al del a\u00f1o anterior, puesto que no consideraron un aumento por la situaci\u00f3n econ\u00f3mica del pa\u00eds, pero que se debe trabajar sin problemas con esa cantidad para el desarrollo de proyectos. <\/p>\n\n\n\n<figure class=\"wp-block-image size-large\"><img fetchpriority=\"high\" decoding=\"async\" width=\"1024\" height=\"768\" src=\"https:\/\/mifavorita.com.pa\/2017\/wp-content\/uploads\/2023\/12\/d9432d60-57b1-4a12-a43b-10783eb5b172-1-1024x768.jpg\" class=\"wp-image-10270\" srcset=\"https:\/\/mifavorita.com.pa\/2017\/wp-content\/uploads\/2023\/12\/d9432d60-57b1-4a12-a43b-10783eb5b172-1-1024x768.jpg 1024w, https:\/\/mifavorita.com.pa\/2017\/wp-content\/uploads\/2023\/12\/d9432d60-57b1-4a12-a43b-10783eb5b172-1-300x225.jpg 300w, https:\/\/mifavorita.com.pa\/2017\/wp-content\/uploads\/2023\/12\/d9432d60-57b1-4a12-a43b-10783eb5b172-1-768x576.jpg 768w, https:\/\/mifavorita.com.pa\/2017\/wp-content\/uploads\/2023\/12\/d9432d60-57b1-4a12-a43b-10783eb5b172-1-1200x900.jpg 1200w, https:\/\/mifavorita.com.pa\/2017\/wp-content\/uploads\/2023\/12\/d9432d60-57b1-4a12-a43b-10783eb5b172-1.jpg 1280w\" sizes=\"(max-width: 1024px) 100vw, 1024px\" \/><\/figure>\n\n\n\n<p>A pesar de la falta de pagos de algunos contribuyentes, el&nbsp;Alcalde tambi\u00e9n mencion\u00f3 que comprenden que estos \u00faltimos meses no fueron buenos para algunos negocios&nbsp;y poblaci\u00f3n en general,&nbsp;por lo que dar\u00e1n una moratoria para ponerse al d\u00eda&nbsp;y poder aumentar el porcentaje de fondos hasta principios del 2024.&nbsp;<\/p>\n\n\n\n<p>En el fondo com\u00fan del Municipio de Ant\u00f3n se re\u00fanen cerca de 2.8 millones de balboas, en el Fondo derivado de la recaudaci\u00f3n del impuesto de inmuebles (IBIS) se contabilizan unos 2 millones 194 mil y un total de 110 mil balboas corresponden al Programa de Inversi\u00f3n de Obras P\u00fablicas y Servicios (PIOPS).<\/p>\n","protected":false},"excerpt":{"rendered":"<p>DAMGELA DE LE\u00d3N Con casi 85% de recaudaci\u00f3n de impuestos se prev\u00e9 que cerrar\u00e1 el a\u00f1o 2023 en el Municipio de Ant\u00f3n, puesto que, por algunos meses irregulares, muchos de los contribuyentes presentan un retraso en el pago de sus responsabilidades. Este&nbsp;aspecto que impactar\u00e1 levemente en la planificaci\u00f3n del presupuesto del pr\u00f3ximo a\u00f1o, que debe [&hellip;]<\/p>\n","protected":false},"author":2,"featured_media":10269,"comment_status":"closed","ping_status":"open","sticky":false,"template":"","format":"standard","meta":{"footnotes":""},"categories":[1],"tags":[],"class_list":["post-10271","post","type-post","status-publish","format-standard","has-post-thumbnail","hentry","category-noticias"],"_links":{"self":[{"href":"https:\/\/mifavorita.com.pa\/2017\/wp-json\/wp\/v2\/posts\/10271","targetHints":{"allow":["GET"]}}],"collection":[{"href":"https:\/\/mifavorita.com.pa\/2017\/wp-json\/wp\/v2\/posts"}],"about":[{"href":"https:\/\/mifavorita.com.pa\/2017\/wp-json\/wp\/v2\/types\/post"}],"author":[{"embeddable":true,"href":"https:\/\/mifavorita.com.pa\/2017\/wp-json\/wp\/v2\/users\/2"}],"replies":[{"embeddable":true,"href":"https:\/\/mifavorita.com.pa\/2017\/wp-json\/wp\/v2\/comments?post=10271"}],"version-history":[{"count":1,"href":"https:\/\/mifavorita.com.pa\/2017\/wp-json\/wp\/v2\/posts\/10271\/revisions"}],"predecessor-version":[{"id":10272,"href":"https:\/\/mifavorita.com.pa\/2017\/wp-json\/wp\/v2\/posts\/10271\/revisions\/10272"}],"wp:featuredmedia":[{"embeddable":true,"href":"https:\/\/mifavorita.com.pa\/2017\/wp-json\/wp\/v2\/media\/10269"}],"wp:attachment":[{"href":"https:\/\/mifavorita.com.pa\/2017\/wp-json\/wp\/v2\/media?parent=10271"}],"wp:term":[{"taxonomy":"category","embeddable":true,"href":"https:\/\/mifavorita.com.pa\/2017\/wp-json\/wp\/v2\/categories?post=10271"},{"taxonomy":"post_tag","embeddable":true,"href":"https:\/\/mifavorita.com.pa\/2017\/wp-json\/wp\/v2\/tags?post=10271"}],"curies":[{"name":"wp","href":"https:\/\/api.w.org\/{rel}","templated":true}]}}