{"id":10277,"date":"2023-12-13T12:56:57","date_gmt":"2023-12-13T12:56:57","guid":{"rendered":"https:\/\/mifavorita.com.pa\/2017\/?p=10277"},"modified":"2023-12-13T12:56:59","modified_gmt":"2023-12-13T12:56:59","slug":"arrendatarios-del-mercado-del-marisco-en-rio-hato-piden-mejoras","status":"publish","type":"post","link":"https:\/\/mifavorita.com.pa\/2017\/arrendatarios-del-mercado-del-marisco-en-rio-hato-piden-mejoras\/","title":{"rendered":"ARRENDATARIOS DEL MERCADO DEL MARISCO EN R\u00cdO HATO PIDEN MEJORAS"},"content":{"rendered":"\n<p>EDILSA GONZ\u00c1LEZ ROCA<\/p>\n\n\n\n<p>En deterioro se encuentran las instalaciones del Mercado del Marisco de R\u00edo Hato, el da\u00f1o en varios de los equipos preocupan a los arrendatarios que aseguran en diversas ocasiones han solicitado las mejoras pero el Ministerio de Comercio e Industrias no ha dado respuesta.<\/p>\n\n\n\n<p>A pesar de ello aseguran, se esmeran por brindar el mejor servicio a sus clientes y mantener productos frescos y de buena calidad los siete d\u00edas de la semana e invitan a los usuarios a pasar por estas instalaciones que est\u00e1n abiertas desde las 7 de la ma\u00f1ana.<\/p>\n\n\n\n<figure class=\"wp-block-image size-large\"><img fetchpriority=\"high\" decoding=\"async\" width=\"1024\" height=\"768\" src=\"https:\/\/mifavorita.com.pa\/2017\/wp-content\/uploads\/2023\/12\/58d8d772-5546-451c-8eb6-09eb00551020-1-1024x768.jpg\" class=\"wp-image-10274\" srcset=\"https:\/\/mifavorita.com.pa\/2017\/wp-content\/uploads\/2023\/12\/58d8d772-5546-451c-8eb6-09eb00551020-1-1024x768.jpg 1024w, https:\/\/mifavorita.com.pa\/2017\/wp-content\/uploads\/2023\/12\/58d8d772-5546-451c-8eb6-09eb00551020-1-300x225.jpg 300w, https:\/\/mifavorita.com.pa\/2017\/wp-content\/uploads\/2023\/12\/58d8d772-5546-451c-8eb6-09eb00551020-1-768x576.jpg 768w, https:\/\/mifavorita.com.pa\/2017\/wp-content\/uploads\/2023\/12\/58d8d772-5546-451c-8eb6-09eb00551020-1-1200x900.jpg 1200w, https:\/\/mifavorita.com.pa\/2017\/wp-content\/uploads\/2023\/12\/58d8d772-5546-451c-8eb6-09eb00551020-1.jpg 1280w\" sizes=\"(max-width: 1024px) 100vw, 1024px\" \/><\/figure>\n\n\n\n<p>As\u00ed lo indic\u00f3 Crist\u00f3bal Jaramillo, arrendatario del mercado quien asegur\u00f3 que cuentan con productos como frutas, vegetales y verduras, adem\u00e1s de productos como miel, raspaduras entre otros que ahora est\u00e1n en bueno precios tras la crisis reci\u00e9n pasada en la que los productos realmente estuvieron muy altos.<\/p>\n\n\n\n<p>Se\u00f1al\u00f3 que por ahora el movimiento est\u00e1 bastante lento, por lo que necesitan que la administraci\u00f3n busque alternativas para dar una mayor publicidad al lugar y que m\u00e1s gente venga a visitar y comprar productos en el mercado, especialmente ahora que aumenta la temporada de turistas en la regi\u00f3n.<\/p>\n\n\n\n<figure class=\"wp-block-image size-large\"><img decoding=\"async\" width=\"1024\" height=\"768\" src=\"https:\/\/mifavorita.com.pa\/2017\/wp-content\/uploads\/2023\/12\/70b49253-184a-4efa-8414-801679cc3b5e-1-1024x768.jpg\" class=\"wp-image-10275\" srcset=\"https:\/\/mifavorita.com.pa\/2017\/wp-content\/uploads\/2023\/12\/70b49253-184a-4efa-8414-801679cc3b5e-1-1024x768.jpg 1024w, https:\/\/mifavorita.com.pa\/2017\/wp-content\/uploads\/2023\/12\/70b49253-184a-4efa-8414-801679cc3b5e-1-300x225.jpg 300w, https:\/\/mifavorita.com.pa\/2017\/wp-content\/uploads\/2023\/12\/70b49253-184a-4efa-8414-801679cc3b5e-1-768x576.jpg 768w, https:\/\/mifavorita.com.pa\/2017\/wp-content\/uploads\/2023\/12\/70b49253-184a-4efa-8414-801679cc3b5e-1-1200x900.jpg 1200w, https:\/\/mifavorita.com.pa\/2017\/wp-content\/uploads\/2023\/12\/70b49253-184a-4efa-8414-801679cc3b5e-1.jpg 1280w\" sizes=\"(max-width: 1024px) 100vw, 1024px\" \/><\/figure>\n\n\n\n<p>Otra de las arrendatarias de los puestos de venta de pescados indic\u00f3 que ellos regularmente tienen todo tipo de productos del mar desde el mixto de mariscos, cojin\u00faa, sierra, pargo grandes y peque\u00f1os hasta at\u00fan y salm\u00f3n adem\u00e1s de pulpo, camarones, langostas y langostinos a distintos precios accesibles para todos.<\/p>\n\n\n\n<p>Indic\u00f3 que el problema que enfrentan es la falta de mantenimiento del lugar, pues el cuarto fr\u00edo est\u00e1 da\u00f1ado, la m\u00e1quina de hielo se da\u00f1\u00f3 hace m\u00e1s de cuatro a\u00f1os, si va la luz no cuentan con planta el\u00e9ctrica todo eso les genera gastos adicionales pues deben traer hielo m\u00e1s caro y a pesar de las solicitudes a la administraci\u00f3n no resuelven las necesidades.<\/p>\n\n\n\n<figure class=\"wp-block-image size-large\"><img decoding=\"async\" width=\"1024\" height=\"768\" src=\"https:\/\/mifavorita.com.pa\/2017\/wp-content\/uploads\/2023\/12\/8f0c7c07-7d29-4897-82fa-4b673a525435-1-1024x768.jpg\" class=\"wp-image-10276\" srcset=\"https:\/\/mifavorita.com.pa\/2017\/wp-content\/uploads\/2023\/12\/8f0c7c07-7d29-4897-82fa-4b673a525435-1-1024x768.jpg 1024w, https:\/\/mifavorita.com.pa\/2017\/wp-content\/uploads\/2023\/12\/8f0c7c07-7d29-4897-82fa-4b673a525435-1-300x225.jpg 300w, https:\/\/mifavorita.com.pa\/2017\/wp-content\/uploads\/2023\/12\/8f0c7c07-7d29-4897-82fa-4b673a525435-1-768x576.jpg 768w, https:\/\/mifavorita.com.pa\/2017\/wp-content\/uploads\/2023\/12\/8f0c7c07-7d29-4897-82fa-4b673a525435-1-1200x900.jpg 1200w, https:\/\/mifavorita.com.pa\/2017\/wp-content\/uploads\/2023\/12\/8f0c7c07-7d29-4897-82fa-4b673a525435-1.jpg 1280w\" sizes=\"(max-width: 1024px) 100vw, 1024px\" \/><\/figure>\n\n\n\n<p>Cuestionada sobre estas quejas, la administradora del Mercado del Marisco de R\u00edo Hato, Enoris Garc\u00eda, se\u00f1al\u00f3 que en efecto enfrentan estas dificultades de las que ya han notificado tanto a la direcci\u00f3n regional como la nacional y est\u00e1n en gestiones de soluci\u00f3n.<\/p>\n\n\n\n<p>Dijo que en el caso de la m\u00e1quina de hielo la recibieron fuera de operaciones en esta administraci\u00f3n y reemplazarla es costoso, lo que s\u00ed se est\u00e1 gestionando es la reparaci\u00f3n del cuarto fr\u00edo para lo cual ya se presentaron las cotizaciones a nivel nacional y esperan ser tomado en cuenta en el presupuesto del pr\u00f3ximo a\u00f1o.<\/p>\n","protected":false},"excerpt":{"rendered":"<p>EDILSA GONZ\u00c1LEZ ROCA En deterioro se encuentran las instalaciones del Mercado del Marisco de R\u00edo Hato, el da\u00f1o en varios de los equipos preocupan a los arrendatarios que aseguran en diversas ocasiones han solicitado las mejoras pero el Ministerio de Comercio e Industrias no ha dado respuesta. A pesar de ello aseguran, se esmeran por [&hellip;]<\/p>\n","protected":false},"author":2,"featured_media":10273,"comment_status":"closed","ping_status":"open","sticky":false,"template":"","format":"standard","meta":{"footnotes":""},"categories":[1],"tags":[],"class_list":["post-10277","post","type-post","status-publish","format-standard","has-post-thumbnail","hentry","category-noticias"],"_links":{"self":[{"href":"https:\/\/mifavorita.com.pa\/2017\/wp-json\/wp\/v2\/posts\/10277","targetHints":{"allow":["GET"]}}],"collection":[{"href":"https:\/\/mifavorita.com.pa\/2017\/wp-json\/wp\/v2\/posts"}],"about":[{"href":"https:\/\/mifavorita.com.pa\/2017\/wp-json\/wp\/v2\/types\/post"}],"author":[{"embeddable":true,"href":"https:\/\/mifavorita.com.pa\/2017\/wp-json\/wp\/v2\/users\/2"}],"replies":[{"embeddable":true,"href":"https:\/\/mifavorita.com.pa\/2017\/wp-json\/wp\/v2\/comments?post=10277"}],"version-history":[{"count":1,"href":"https:\/\/mifavorita.com.pa\/2017\/wp-json\/wp\/v2\/posts\/10277\/revisions"}],"predecessor-version":[{"id":10278,"href":"https:\/\/mifavorita.com.pa\/2017\/wp-json\/wp\/v2\/posts\/10277\/revisions\/10278"}],"wp:featuredmedia":[{"embeddable":true,"href":"https:\/\/mifavorita.com.pa\/2017\/wp-json\/wp\/v2\/media\/10273"}],"wp:attachment":[{"href":"https:\/\/mifavorita.com.pa\/2017\/wp-json\/wp\/v2\/media?parent=10277"}],"wp:term":[{"taxonomy":"category","embeddable":true,"href":"https:\/\/mifavorita.com.pa\/2017\/wp-json\/wp\/v2\/categories?post=10277"},{"taxonomy":"post_tag","embeddable":true,"href":"https:\/\/mifavorita.com.pa\/2017\/wp-json\/wp\/v2\/tags?post=10277"}],"curies":[{"name":"wp","href":"https:\/\/api.w.org\/{rel}","templated":true}]}}