{"id":10294,"date":"2023-12-13T22:08:13","date_gmt":"2023-12-13T22:08:13","guid":{"rendered":"https:\/\/mifavorita.com.pa\/2017\/?p=10294"},"modified":"2023-12-13T22:08:15","modified_gmt":"2023-12-13T22:08:15","slug":"realizaran-bazar-de-emprendedores","status":"publish","type":"post","link":"https:\/\/mifavorita.com.pa\/2017\/realizaran-bazar-de-emprendedores\/","title":{"rendered":"REALIZAR\u00c1N BAZAR DE EMPRENDEDORES"},"content":{"rendered":"\n<p>EDILSA GONZ\u00c1LEZ ROCA<\/p>\n\n\n\n<p>Unas 15 mujeres emprendedoras de la provincia de Cocl\u00e9 participar\u00e1n este 14 de diciembre de un bazar que se realizar\u00e1 con el objetivo de fortalecer la independencia de la mujer coclesana y su participaci\u00f3n en actividades comerciales que les permitan obtener ingreso para sus hogares.<\/p>\n\n\n\n<p>Se trata de una actividad promovida por el Ministerio de la Mujer a trav\u00e9s del Centro de Atenci\u00f3n Integral de la provincia de Cocl\u00e9, con 15 mujeres participantes de las distintas capacitaciones que han estado llevando adelante durante el \u00faltimo a\u00f1o, para lograr emprendimientos entre las usuarias.<\/p>\n\n\n\n<figure class=\"wp-block-image size-large\"><img fetchpriority=\"high\" decoding=\"async\" width=\"768\" height=\"1024\" src=\"https:\/\/mifavorita.com.pa\/2017\/wp-content\/uploads\/2023\/12\/58d3157a-fda2-4fd8-8ccd-b9eaf23630a9-1-768x1024.jpg\" class=\"wp-image-10292\" srcset=\"https:\/\/mifavorita.com.pa\/2017\/wp-content\/uploads\/2023\/12\/58d3157a-fda2-4fd8-8ccd-b9eaf23630a9-1-768x1024.jpg 768w, https:\/\/mifavorita.com.pa\/2017\/wp-content\/uploads\/2023\/12\/58d3157a-fda2-4fd8-8ccd-b9eaf23630a9-1-225x300.jpg 225w, https:\/\/mifavorita.com.pa\/2017\/wp-content\/uploads\/2023\/12\/58d3157a-fda2-4fd8-8ccd-b9eaf23630a9-1.jpg 960w\" sizes=\"(max-width: 768px) 100vw, 768px\" \/><\/figure>\n\n\n\n<p>Kesary Figueroa, del Ministerio de la Mujer de Cocl\u00e9, manifest\u00f3 que el bazar se realizar\u00e1 en la Plaza Comercial Boulevard en donde las se\u00f1oras estar\u00e1n ofreciendo artesan\u00edas, bisuter\u00eda y otros productos elaborados por ellas mismas y que han aprendido a trav\u00e9s de talleres con el apoyo del Inadeh.<\/p>\n\n\n\n<figure class=\"wp-block-image size-large\"><img decoding=\"async\" width=\"768\" height=\"1024\" src=\"https:\/\/mifavorita.com.pa\/2017\/wp-content\/uploads\/2023\/12\/a6773919-909c-4b8c-9f32-a99906c2d473-1-768x1024.jpg\" class=\"wp-image-10293\" srcset=\"https:\/\/mifavorita.com.pa\/2017\/wp-content\/uploads\/2023\/12\/a6773919-909c-4b8c-9f32-a99906c2d473-1-768x1024.jpg 768w, https:\/\/mifavorita.com.pa\/2017\/wp-content\/uploads\/2023\/12\/a6773919-909c-4b8c-9f32-a99906c2d473-1-225x300.jpg 225w, https:\/\/mifavorita.com.pa\/2017\/wp-content\/uploads\/2023\/12\/a6773919-909c-4b8c-9f32-a99906c2d473-1-1152x1536.jpg 1152w, https:\/\/mifavorita.com.pa\/2017\/wp-content\/uploads\/2023\/12\/a6773919-909c-4b8c-9f32-a99906c2d473-1.jpg 1200w\" sizes=\"(max-width: 768px) 100vw, 768px\" \/><\/figure>\n\n\n\n<p>La actividad se estar\u00e1 realizando en un horario de 9 de la ma\u00f1ana a tres de la tarde y en el sitio tambi\u00e9n estar\u00e1 el personal t\u00e9cnico del Ministerio de la Mujer para atender a la poblaci\u00f3n femenina que tenga dudas o requieran alguna orientaci\u00f3n o asesor\u00eda legal.<\/p>\n\n\n\n<p>La funcionaria record\u00f3 a la poblaci\u00f3n que en la provincia producto del alto \u00edndice de violencia dom\u00e9stica hay mujeres v\u00edctimas que requieren del apoyo de todos para salir adelante con sus hijos o sus familias.<\/p>\n","protected":false},"excerpt":{"rendered":"<p>EDILSA GONZ\u00c1LEZ ROCA Unas 15 mujeres emprendedoras de la provincia de Cocl\u00e9 participar\u00e1n este 14 de diciembre de un bazar que se realizar\u00e1 con el objetivo de fortalecer la independencia de la mujer coclesana y su participaci\u00f3n en actividades comerciales que les permitan obtener ingreso para sus hogares. Se trata de una actividad promovida por [&hellip;]<\/p>\n","protected":false},"author":2,"featured_media":10291,"comment_status":"closed","ping_status":"open","sticky":false,"template":"","format":"standard","meta":{"footnotes":""},"categories":[1],"tags":[],"class_list":["post-10294","post","type-post","status-publish","format-standard","has-post-thumbnail","hentry","category-noticias"],"_links":{"self":[{"href":"https:\/\/mifavorita.com.pa\/2017\/wp-json\/wp\/v2\/posts\/10294","targetHints":{"allow":["GET"]}}],"collection":[{"href":"https:\/\/mifavorita.com.pa\/2017\/wp-json\/wp\/v2\/posts"}],"about":[{"href":"https:\/\/mifavorita.com.pa\/2017\/wp-json\/wp\/v2\/types\/post"}],"author":[{"embeddable":true,"href":"https:\/\/mifavorita.com.pa\/2017\/wp-json\/wp\/v2\/users\/2"}],"replies":[{"embeddable":true,"href":"https:\/\/mifavorita.com.pa\/2017\/wp-json\/wp\/v2\/comments?post=10294"}],"version-history":[{"count":1,"href":"https:\/\/mifavorita.com.pa\/2017\/wp-json\/wp\/v2\/posts\/10294\/revisions"}],"predecessor-version":[{"id":10295,"href":"https:\/\/mifavorita.com.pa\/2017\/wp-json\/wp\/v2\/posts\/10294\/revisions\/10295"}],"wp:featuredmedia":[{"embeddable":true,"href":"https:\/\/mifavorita.com.pa\/2017\/wp-json\/wp\/v2\/media\/10291"}],"wp:attachment":[{"href":"https:\/\/mifavorita.com.pa\/2017\/wp-json\/wp\/v2\/media?parent=10294"}],"wp:term":[{"taxonomy":"category","embeddable":true,"href":"https:\/\/mifavorita.com.pa\/2017\/wp-json\/wp\/v2\/categories?post=10294"},{"taxonomy":"post_tag","embeddable":true,"href":"https:\/\/mifavorita.com.pa\/2017\/wp-json\/wp\/v2\/tags?post=10294"}],"curies":[{"name":"wp","href":"https:\/\/api.w.org\/{rel}","templated":true}]}}