{"id":10298,"date":"2023-12-13T22:57:24","date_gmt":"2023-12-13T22:57:24","guid":{"rendered":"https:\/\/mifavorita.com.pa\/2017\/?p=10298"},"modified":"2023-12-13T22:57:26","modified_gmt":"2023-12-13T22:57:26","slug":"residentes-de-comunidades-de-influencia-minera-piden-ser-incluidos-en-plan-de-cierre","status":"publish","type":"post","link":"https:\/\/mifavorita.com.pa\/2017\/residentes-de-comunidades-de-influencia-minera-piden-ser-incluidos-en-plan-de-cierre\/","title":{"rendered":"RESIDENTES DE COMUNIDADES DE INFLUENCIA MINERA PIDEN SER INCLUIDOS EN PLAN DE CIERRE"},"content":{"rendered":"\n<p>EDILSA GONZ\u00c1LEZ ROCA<\/p>\n\n\n\n<p>Preocupados se han mostrado los residentes de varias comunidades ubicadas en el \u00e1rea de influencia del Proyecto Minero Cobre Panam\u00e1, tras la decisi\u00f3n de la Corte Suprema de Justicia de declarar inconstitucional el contrato, aseguran que quieren ser tomados en cuenta en el plan de cierre y que se busquen alternativas para el desarrollo de estos sectores y los trabajadores que han quedado cesantes.<\/p>\n\n\n\n<p>Eli\u00e9cer Fern\u00e1ndez, residente de Llano Grande de la Pintada, vocero del Movimiento Tierra Nueva que agrupa a los residentes de varias comunidades, se\u00f1al\u00f3 que la preocupaci\u00f3n se deriva no s\u00f3lo de la situaci\u00f3n econ\u00f3mica que ahora enfrentan sino tambi\u00e9n afectaciones sociales, ambientales y de orden civil que se pueden generar producto del cierre de la mina.<\/p>\n\n\n\n<figure class=\"wp-block-image size-large\"><img fetchpriority=\"high\" decoding=\"async\" width=\"768\" height=\"1024\" src=\"https:\/\/mifavorita.com.pa\/2017\/wp-content\/uploads\/2023\/12\/db3f3f23-5c92-4128-8ad9-0c585fc5cd3a-1-768x1024.jpg\" class=\"wp-image-10297\" srcset=\"https:\/\/mifavorita.com.pa\/2017\/wp-content\/uploads\/2023\/12\/db3f3f23-5c92-4128-8ad9-0c585fc5cd3a-1-768x1024.jpg 768w, https:\/\/mifavorita.com.pa\/2017\/wp-content\/uploads\/2023\/12\/db3f3f23-5c92-4128-8ad9-0c585fc5cd3a-1-225x300.jpg 225w, https:\/\/mifavorita.com.pa\/2017\/wp-content\/uploads\/2023\/12\/db3f3f23-5c92-4128-8ad9-0c585fc5cd3a-1.jpg 960w\" sizes=\"(max-width: 768px) 100vw, 768px\" \/><\/figure>\n\n\n\n<p>Asegur\u00f3 que como afectados directos de la situaci\u00f3n les ha tocado enfrentar distintos problemas, entre ellos el rechazo por su posici\u00f3n en favor del proyecto, pero temen otros efectos por lo que solicitan al gobierno nacional que se tome en cuenta a las comunidades afectadas una vez se establezcan las comisiones para llevar adelante el plan de cierre.<\/p>\n\n\n\n<p>Tambi\u00e9n a las universidades Tecnol\u00f3gica y Nacional que se acerquen a las comunidades para orientarlos, capacitarlos o incluso desarrollar planes estrat\u00e9gicos que les permitan a los pobladores de estas comunidades desarrollar actividades productivas que suplan el efecto del cierre de la mina.<\/p>\n\n\n\n<p>Fern\u00e1ndez solicita al gobierno que se trabaje para evitar a futuro temas como la miner\u00eda ilegal, delincuencia, da\u00f1os ambientales y contaminaci\u00f3n de r\u00edos y quebradas, bajo nivel escolar, falta de inversi\u00f3n en infraestructuras, venta de las tierras por falta de oportunidades entre otros que les preocupan.<\/p>\n\n\n\n<p>Puntualiz\u00f3 en que est\u00e1n en busca de lograr contactos con las autoridades locales y nacionales para que se les escuche y se les incluya en los planes se prevean desarrollar aunado al cierre de la minera.<\/p>\n","protected":false},"excerpt":{"rendered":"<p>EDILSA GONZ\u00c1LEZ ROCA Preocupados se han mostrado los residentes de varias comunidades ubicadas en el \u00e1rea de influencia del Proyecto Minero Cobre Panam\u00e1, tras la decisi\u00f3n de la Corte Suprema de Justicia de declarar inconstitucional el contrato, aseguran que quieren ser tomados en cuenta en el plan de cierre y que se busquen alternativas para [&hellip;]<\/p>\n","protected":false},"author":2,"featured_media":10296,"comment_status":"closed","ping_status":"open","sticky":false,"template":"","format":"standard","meta":{"footnotes":""},"categories":[1],"tags":[],"class_list":["post-10298","post","type-post","status-publish","format-standard","has-post-thumbnail","hentry","category-noticias"],"_links":{"self":[{"href":"https:\/\/mifavorita.com.pa\/2017\/wp-json\/wp\/v2\/posts\/10298","targetHints":{"allow":["GET"]}}],"collection":[{"href":"https:\/\/mifavorita.com.pa\/2017\/wp-json\/wp\/v2\/posts"}],"about":[{"href":"https:\/\/mifavorita.com.pa\/2017\/wp-json\/wp\/v2\/types\/post"}],"author":[{"embeddable":true,"href":"https:\/\/mifavorita.com.pa\/2017\/wp-json\/wp\/v2\/users\/2"}],"replies":[{"embeddable":true,"href":"https:\/\/mifavorita.com.pa\/2017\/wp-json\/wp\/v2\/comments?post=10298"}],"version-history":[{"count":1,"href":"https:\/\/mifavorita.com.pa\/2017\/wp-json\/wp\/v2\/posts\/10298\/revisions"}],"predecessor-version":[{"id":10299,"href":"https:\/\/mifavorita.com.pa\/2017\/wp-json\/wp\/v2\/posts\/10298\/revisions\/10299"}],"wp:featuredmedia":[{"embeddable":true,"href":"https:\/\/mifavorita.com.pa\/2017\/wp-json\/wp\/v2\/media\/10296"}],"wp:attachment":[{"href":"https:\/\/mifavorita.com.pa\/2017\/wp-json\/wp\/v2\/media?parent=10298"}],"wp:term":[{"taxonomy":"category","embeddable":true,"href":"https:\/\/mifavorita.com.pa\/2017\/wp-json\/wp\/v2\/categories?post=10298"},{"taxonomy":"post_tag","embeddable":true,"href":"https:\/\/mifavorita.com.pa\/2017\/wp-json\/wp\/v2\/tags?post=10298"}],"curies":[{"name":"wp","href":"https:\/\/api.w.org\/{rel}","templated":true}]}}