{"id":10301,"date":"2023-12-14T12:59:23","date_gmt":"2023-12-14T12:59:23","guid":{"rendered":"https:\/\/mifavorita.com.pa\/2017\/?p=10301"},"modified":"2023-12-15T16:35:02","modified_gmt":"2023-12-15T16:35:02","slug":"penonome-se-prepara-para-sus-fiestas-patronales-con-actividades-culturales-y-de-entretenimiento","status":"publish","type":"post","link":"https:\/\/mifavorita.com.pa\/2017\/penonome-se-prepara-para-sus-fiestas-patronales-con-actividades-culturales-y-de-entretenimiento\/","title":{"rendered":"PENONOM\u00c9 SE PREPARA PARA SUS FIESTAS PATRONALES CON ACTIVIDADES CULTURALES Y DE ENTRETENIMIENTO"},"content":{"rendered":"\n<p>DAMGELA DE LE\u00d3N<\/p>\n\n\n\n<p>Como es tradici\u00f3n de cada a\u00f1o Penonom\u00e9 realizar\u00e1 sus fiestas Patronales para este 2023, que consisten en actividades culturales, comerciales y bailables que ir\u00e1n desde el 14 al 18 de diciembre, organizadas por la Junta de Festejos, la Alcald\u00eda y la Junta Comunal de dicho distrito, y que buscan enaltecer el valor hist\u00f3rico de las mismas y reactivar la econom\u00eda.<\/p>\n\n\n\n<p>Y es que&nbsp;luego de terminadas las festividades religiosas en honor a la Inmaculada Concepci\u00f3n, se ha planificado un concierto al aire libre el jueves&nbsp;14&nbsp;en el anfiteatro de san Antonio con&nbsp;un&nbsp;conjunto&nbsp;t\u00edpico&nbsp;y un cuarteto musical&nbsp;desde las 8 de la noche.&nbsp;<\/p>\n\n\n\n<p>Adem\u00e1s, se realizar\u00e1 la entrega del Mant\u00f3n de manila al abanderado, que ser\u00e1 la finca La Encantada, una vez pasada la procesi\u00f3n la noche del viernes 15,&nbsp;para as\u00ed dar apertura oficialmente a estas actividades de calle que preservan su esencia.&nbsp;<\/p>\n\n\n\n<p>As\u00ed lo mencion\u00f3 Emely Figueroa, presidenta de la&nbsp;Junta de&nbsp;Festejos, quien tambi\u00e9n brind\u00f3 detalles de&nbsp;la gran cabalgata del s\u00e1bado que partir\u00e1 desde El Encanto hasta los predios de la Alcald\u00eda, cerrando con la Orquesta La Nueva Esencia en El Manguito, al igual que el&nbsp;d\u00eda&nbsp;domingo, y el lunes cerrar\u00e1 con la gallota.&nbsp;<\/p>\n\n\n\n<p>Cada una de estas actividades ser\u00e1n de entrada libre y completamente gratis para el disfrute de grandes y chicos. De igual forma, se ha establecido una Feria en el Parque 8 de&nbsp;Diciembre&nbsp;que ser\u00e1 del s\u00e1bado al domingo con emprendedores, m\u00fasica en vivo y festival de cervezas artesanales, en un ambiente familiar.&nbsp;<\/p>\n\n\n\n<p>Este a\u00f1o se espera que cada actividad se concentre en las principales avenidas del pueblo para que las personas puedan asistir c\u00f3modamente.<\/p>\n","protected":false},"excerpt":{"rendered":"<p>DAMGELA DE LE\u00d3N Como es tradici\u00f3n de cada a\u00f1o Penonom\u00e9 realizar\u00e1 sus fiestas Patronales para este 2023, que consisten en actividades culturales, comerciales y bailables que ir\u00e1n desde el 14 al 18 de diciembre, organizadas por la Junta de Festejos, la Alcald\u00eda y la Junta Comunal de dicho distrito, y que buscan enaltecer el valor [&hellip;]<\/p>\n","protected":false},"author":2,"featured_media":10300,"comment_status":"closed","ping_status":"open","sticky":false,"template":"","format":"standard","meta":{"footnotes":""},"categories":[1],"tags":[],"class_list":["post-10301","post","type-post","status-publish","format-standard","has-post-thumbnail","hentry","category-noticias"],"_links":{"self":[{"href":"https:\/\/mifavorita.com.pa\/2017\/wp-json\/wp\/v2\/posts\/10301","targetHints":{"allow":["GET"]}}],"collection":[{"href":"https:\/\/mifavorita.com.pa\/2017\/wp-json\/wp\/v2\/posts"}],"about":[{"href":"https:\/\/mifavorita.com.pa\/2017\/wp-json\/wp\/v2\/types\/post"}],"author":[{"embeddable":true,"href":"https:\/\/mifavorita.com.pa\/2017\/wp-json\/wp\/v2\/users\/2"}],"replies":[{"embeddable":true,"href":"https:\/\/mifavorita.com.pa\/2017\/wp-json\/wp\/v2\/comments?post=10301"}],"version-history":[{"count":2,"href":"https:\/\/mifavorita.com.pa\/2017\/wp-json\/wp\/v2\/posts\/10301\/revisions"}],"predecessor-version":[{"id":10315,"href":"https:\/\/mifavorita.com.pa\/2017\/wp-json\/wp\/v2\/posts\/10301\/revisions\/10315"}],"wp:featuredmedia":[{"embeddable":true,"href":"https:\/\/mifavorita.com.pa\/2017\/wp-json\/wp\/v2\/media\/10300"}],"wp:attachment":[{"href":"https:\/\/mifavorita.com.pa\/2017\/wp-json\/wp\/v2\/media?parent=10301"}],"wp:term":[{"taxonomy":"category","embeddable":true,"href":"https:\/\/mifavorita.com.pa\/2017\/wp-json\/wp\/v2\/categories?post=10301"},{"taxonomy":"post_tag","embeddable":true,"href":"https:\/\/mifavorita.com.pa\/2017\/wp-json\/wp\/v2\/tags?post=10301"}],"curies":[{"name":"wp","href":"https:\/\/api.w.org\/{rel}","templated":true}]}}