{"id":10313,"date":"2023-12-15T02:29:40","date_gmt":"2023-12-15T02:29:40","guid":{"rendered":"https:\/\/mifavorita.com.pa\/2017\/?p=10313"},"modified":"2023-12-15T02:29:42","modified_gmt":"2023-12-15T02:29:42","slug":"centro-educativo-integral-de-cocle-abre-sus-matriculas-para-que-los-jovenes-se-reintegren-al-sistema-escolar","status":"publish","type":"post","link":"https:\/\/mifavorita.com.pa\/2017\/centro-educativo-integral-de-cocle-abre-sus-matriculas-para-que-los-jovenes-se-reintegren-al-sistema-escolar\/","title":{"rendered":"CENTRO EDUCATIVO INTEGRAL DE COCL\u00c9 ABRE SUS MATR\u00cdCULAS PARA QUE LOS J\u00d3VENES SE REINTEGREN AL SISTEMA ESCOLAR"},"content":{"rendered":"\n<p>DAMGELA DE LE\u00d3N&nbsp;<\/p>\n\n\n\n<p>Desde este mes de diciembre a enero del pr\u00f3ximo a\u00f1o estar\u00e1n disponibles las matr\u00edculas para el Centro Educativo de Formaci\u00f3n Integral de Cocl\u00e9 que est\u00e1 dirigido a j\u00f3venes y adultos que han desertado del sistema educativo regular. Este centro educativo ubicado en R\u00edo Grande, recibe a j\u00f3venes desde los 15 a\u00f1os para que cursen su&nbsp;premedia o bachiller integral.&nbsp;<\/p>\n\n\n\n<p>La din\u00e1mica educativa est\u00e1 adaptada al sistema de j\u00f3venes y adultos, es decir, que realizan sus a\u00f1os escolares en menos tiempo, sin embargo, los objetivos de este lugar tambi\u00e9n es brindar disciplina y conocimientos t\u00e9cnicos, de materias generales y con ense\u00f1anza f\u00edsica de profesores de estamentos de seguridad. <\/p>\n\n\n\n<figure class=\"wp-block-image size-large\"><img fetchpriority=\"high\" decoding=\"async\" width=\"300\" height=\"225\" src=\"https:\/\/mifavorita.com.pa\/2017\/wp-content\/uploads\/2023\/12\/img_7875-1-300x225.jpg\" class=\"wp-image-10311\" srcset=\"https:\/\/mifavorita.com.pa\/2017\/wp-content\/uploads\/2023\/12\/img_7875-1-300x225.jpg 300w, https:\/\/mifavorita.com.pa\/2017\/wp-content\/uploads\/2023\/12\/img_7875-1-768x576.jpg 768w, https:\/\/mifavorita.com.pa\/2017\/wp-content\/uploads\/2023\/12\/img_7875-1.jpg 960w\" sizes=\"(max-width: 300px) 100vw, 300px\" \/><\/figure>\n\n\n\n<p>Xiomara Ortega, profesora del centro, explic\u00f3 que una vez culminan sus horarios que inician a partir de las 6 de la ma\u00f1ana, los d\u00edas pueden extenderse hasta horas de la tarde, ya que tambi\u00e9n se les imparten cursos del INADEH.<\/p>\n\n\n\n<p>Adem\u00e1s, agreg\u00f3 detalles de los requisitos para el ingreso, como llevar sus \u00faltimos cr\u00e9ditos escolares o bolet\u00edn, realizar pruebas psicol\u00f3gicas y evaluaciones psicosociales del MIDES y tener aptitud f\u00edsica para la preparaci\u00f3n que se les da. <\/p>\n\n\n\n<figure class=\"wp-block-image size-large\"><img decoding=\"async\" width=\"300\" height=\"225\" src=\"https:\/\/mifavorita.com.pa\/2017\/wp-content\/uploads\/2023\/12\/img_7874-1-300x225.jpg\" class=\"wp-image-10312\" srcset=\"https:\/\/mifavorita.com.pa\/2017\/wp-content\/uploads\/2023\/12\/img_7874-1-300x225.jpg 300w, https:\/\/mifavorita.com.pa\/2017\/wp-content\/uploads\/2023\/12\/img_7874-1-768x576.jpg 768w, https:\/\/mifavorita.com.pa\/2017\/wp-content\/uploads\/2023\/12\/img_7874-1.jpg 960w\" sizes=\"(max-width: 300px) 100vw, 300px\" \/><\/figure>\n\n\n\n<p>Por su parte, Roberto Morales, profesor del Ministerio de Seguridad,&nbsp;hizo hincapi\u00e9 en que esta no es una escuela para ser polic\u00edas&nbsp;ni para&nbsp;aquel que&nbsp;se porte mal, sino para j\u00f3venes y adultos hasta los 25 a\u00f1os que est\u00e9n en riesgo social&nbsp;y que provengan&nbsp;de cualquier provincia.&nbsp;<\/p>\n\n\n\n<p>Los profesores resaltaron en que una vez los j\u00f3venes ingresan a este sistema, no pueden regresar al sistema educativo regular, por lo que deben comprometerse a terminar sus 6 a\u00f1os de estudios.&nbsp;<\/p>\n\n\n\n<p>Para mayor informaci\u00f3n pueden acercarse a este centro en R\u00edo Grande frente a los correos, o comunicarse al 69216862.<\/p>\n","protected":false},"excerpt":{"rendered":"<p>DAMGELA DE LE\u00d3N&nbsp; Desde este mes de diciembre a enero del pr\u00f3ximo a\u00f1o estar\u00e1n disponibles las matr\u00edculas para el Centro Educativo de Formaci\u00f3n Integral de Cocl\u00e9 que est\u00e1 dirigido a j\u00f3venes y adultos que han desertado del sistema educativo regular. Este centro educativo ubicado en R\u00edo Grande, recibe a j\u00f3venes desde los 15 a\u00f1os para [&hellip;]<\/p>\n","protected":false},"author":2,"featured_media":10310,"comment_status":"closed","ping_status":"open","sticky":false,"template":"","format":"standard","meta":{"footnotes":""},"categories":[1],"tags":[],"class_list":["post-10313","post","type-post","status-publish","format-standard","has-post-thumbnail","hentry","category-noticias"],"_links":{"self":[{"href":"https:\/\/mifavorita.com.pa\/2017\/wp-json\/wp\/v2\/posts\/10313","targetHints":{"allow":["GET"]}}],"collection":[{"href":"https:\/\/mifavorita.com.pa\/2017\/wp-json\/wp\/v2\/posts"}],"about":[{"href":"https:\/\/mifavorita.com.pa\/2017\/wp-json\/wp\/v2\/types\/post"}],"author":[{"embeddable":true,"href":"https:\/\/mifavorita.com.pa\/2017\/wp-json\/wp\/v2\/users\/2"}],"replies":[{"embeddable":true,"href":"https:\/\/mifavorita.com.pa\/2017\/wp-json\/wp\/v2\/comments?post=10313"}],"version-history":[{"count":1,"href":"https:\/\/mifavorita.com.pa\/2017\/wp-json\/wp\/v2\/posts\/10313\/revisions"}],"predecessor-version":[{"id":10314,"href":"https:\/\/mifavorita.com.pa\/2017\/wp-json\/wp\/v2\/posts\/10313\/revisions\/10314"}],"wp:featuredmedia":[{"embeddable":true,"href":"https:\/\/mifavorita.com.pa\/2017\/wp-json\/wp\/v2\/media\/10310"}],"wp:attachment":[{"href":"https:\/\/mifavorita.com.pa\/2017\/wp-json\/wp\/v2\/media?parent=10313"}],"wp:term":[{"taxonomy":"category","embeddable":true,"href":"https:\/\/mifavorita.com.pa\/2017\/wp-json\/wp\/v2\/categories?post=10313"},{"taxonomy":"post_tag","embeddable":true,"href":"https:\/\/mifavorita.com.pa\/2017\/wp-json\/wp\/v2\/tags?post=10313"}],"curies":[{"name":"wp","href":"https:\/\/api.w.org\/{rel}","templated":true}]}}