{"id":10320,"date":"2023-12-16T14:29:59","date_gmt":"2023-12-16T14:29:59","guid":{"rendered":"https:\/\/mifavorita.com.pa\/2017\/?p=10320"},"modified":"2023-12-16T14:43:12","modified_gmt":"2023-12-16T14:43:12","slug":"penonomenos-rinden-honor-a-su-santa-patrona-la-inmaculada-concepcion","status":"publish","type":"post","link":"https:\/\/mifavorita.com.pa\/2017\/penonomenos-rinden-honor-a-su-santa-patrona-la-inmaculada-concepcion\/","title":{"rendered":"PENONOME\u00d1OS RINDEN HONOR A SU SANTA PATRONA: LA INMACULADA CONCEPCI\u00d3N"},"content":{"rendered":"\n<p>DAMGELA DE LE\u00d3N<\/p>\n\n\n\n<p>En medio de una ma\u00f1ana calurosa, cientos de fieles de todas partes del distrito de Penonom\u00e9 se dieron cita este viernes 15 de diciembre en la Catedral San Juan Bautista, para participar de la misa solemne en honor a la Inmaculada Concepci\u00f3n de Mar\u00eda. Como es tradici\u00f3n, sacerdotes de toda la provincia participaron de la eucarist\u00eda presidida por el obispo de esta di\u00f3cesis, Edgardo Cede\u00f1o.<\/p>\n\n\n\n<p>Una vez culminada la misa, y bajo una pertinaz lluvia, el ambiente de alegr\u00eda sigui\u00f3 en las inmediaciones de la Catedral en donde los asistentes tomaban fotograf\u00edas del anda de la imagen de la Virgen, delicadamente adornada por rosas blancas y amarillas.  <\/p>\n\n\n\n<figure class=\"wp-block-image size-large\"><img fetchpriority=\"high\" decoding=\"async\" width=\"1024\" height=\"576\" src=\"https:\/\/mifavorita.com.pa\/2017\/wp-content\/uploads\/2023\/12\/75a12f85-8d9e-409c-8d1c-6582039d2077-1-1024x576.jpg\" alt=\"\" class=\"wp-image-10317\" srcset=\"https:\/\/mifavorita.com.pa\/2017\/wp-content\/uploads\/2023\/12\/75a12f85-8d9e-409c-8d1c-6582039d2077-1-1024x576.jpg 1024w, https:\/\/mifavorita.com.pa\/2017\/wp-content\/uploads\/2023\/12\/75a12f85-8d9e-409c-8d1c-6582039d2077-1-300x169.jpg 300w, https:\/\/mifavorita.com.pa\/2017\/wp-content\/uploads\/2023\/12\/75a12f85-8d9e-409c-8d1c-6582039d2077-1-768x432.jpg 768w, https:\/\/mifavorita.com.pa\/2017\/wp-content\/uploads\/2023\/12\/75a12f85-8d9e-409c-8d1c-6582039d2077-1-1200x675.jpg 1200w, https:\/\/mifavorita.com.pa\/2017\/wp-content\/uploads\/2023\/12\/75a12f85-8d9e-409c-8d1c-6582039d2077-1.jpg 1280w\" sizes=\"(max-width: 1024px) 100vw, 1024px\" \/><\/figure>\n\n\n\n<p>El obispo Cede\u00f1o se\u00f1al\u00f3 que la Virgen es quien gu\u00eda a las mujeres en su papel tan importante en las familias como madres, por lo que les pidi\u00f3 amarla y seguir sus pasos, al igual que invit\u00f3 a todos los paname\u00f1os a cuidar la naturaleza para que el pa\u00eds siga siendo verde. <\/p>\n\n\n\n<p>Dentro de eucarist\u00eda, tambi\u00e9n se designaron 4 zonas en Cocl\u00e9 con vicarios encargados para organizar las actividades de cada parroquia. La zona 1 ser\u00e1 conformada por Ant\u00f3n, El Valle y R\u00edo Hato y su designado el padre Rolando Reyna, la zona 2 a cargo del padre Jos\u00e9 Cruz integrada por Penonom\u00e9 y la Parroquia San Mart\u00edn, zona 3 por Nat\u00e1, Ol\u00e1 y Aguadulce dirigidas por el padre Miguel Dom\u00ednguez, y la nueva zona 4, ser\u00e1 integrada por La Pintada y Vista Hermosa guiadas por el padre Samuel Arcia. <\/p>\n\n\n\n<figure class=\"wp-block-image size-large\"><img decoding=\"async\" width=\"1024\" height=\"754\" src=\"https:\/\/mifavorita.com.pa\/2017\/wp-content\/uploads\/2023\/12\/0c64721f-020e-4e9d-bee3-ef28869f334b-2-1-1024x754.jpg\" alt=\"\" class=\"wp-image-10322\" srcset=\"https:\/\/mifavorita.com.pa\/2017\/wp-content\/uploads\/2023\/12\/0c64721f-020e-4e9d-bee3-ef28869f334b-2-1-1024x754.jpg 1024w, https:\/\/mifavorita.com.pa\/2017\/wp-content\/uploads\/2023\/12\/0c64721f-020e-4e9d-bee3-ef28869f334b-2-1-300x221.jpg 300w, https:\/\/mifavorita.com.pa\/2017\/wp-content\/uploads\/2023\/12\/0c64721f-020e-4e9d-bee3-ef28869f334b-2-1-768x566.jpg 768w, https:\/\/mifavorita.com.pa\/2017\/wp-content\/uploads\/2023\/12\/0c64721f-020e-4e9d-bee3-ef28869f334b-2-1.jpg 1170w\" sizes=\"(max-width: 1024px) 100vw, 1024px\" \/><\/figure>\n\n\n\n<p>En horas de la tarde, se llev\u00f3 a cabo la misa de acci\u00f3n de gracias, y seguido una gran procesi\u00f3n, que, acompa\u00f1ada de fieles con velas y c\u00e1nticos marianos amenizados por la banda de m\u00fasica de la Escuela Carmen Conte Lombardo, recorri\u00f3 las calles del pueblo, en un ambiente de paz y devoci\u00f3n, cerrando a su llegada al templo bajo un espect\u00e1culo de fuegos artificiales y aplausos.<\/p>\n\n\n\n<figure class=\"wp-block-image size-large\"><img decoding=\"async\" width=\"169\" height=\"300\" src=\"https:\/\/mifavorita.com.pa\/2017\/wp-content\/uploads\/2023\/12\/3d3b1c12-a8d7-4e9d-934c-c45b7e0f525a-2-1-169x300.jpg\" alt=\"\" class=\"wp-image-10323\" srcset=\"https:\/\/mifavorita.com.pa\/2017\/wp-content\/uploads\/2023\/12\/3d3b1c12-a8d7-4e9d-934c-c45b7e0f525a-2-1-169x300.jpg 169w, https:\/\/mifavorita.com.pa\/2017\/wp-content\/uploads\/2023\/12\/3d3b1c12-a8d7-4e9d-934c-c45b7e0f525a-2-1.jpg 576w\" sizes=\"(max-width: 169px) 100vw, 169px\" \/><\/figure>\n","protected":false},"excerpt":{"rendered":"<p>DAMGELA DE LE\u00d3N En medio de una ma\u00f1ana calurosa, cientos de fieles de todas partes del distrito de Penonom\u00e9 se dieron cita este viernes 15 de diciembre en la Catedral San Juan Bautista, para participar de la misa solemne en honor a la Inmaculada Concepci\u00f3n de Mar\u00eda. Como es tradici\u00f3n, sacerdotes de toda la provincia [&hellip;]<\/p>\n","protected":false},"author":2,"featured_media":10316,"comment_status":"closed","ping_status":"open","sticky":false,"template":"","format":"standard","meta":{"footnotes":""},"categories":[1],"tags":[],"class_list":["post-10320","post","type-post","status-publish","format-standard","has-post-thumbnail","hentry","category-noticias"],"_links":{"self":[{"href":"https:\/\/mifavorita.com.pa\/2017\/wp-json\/wp\/v2\/posts\/10320","targetHints":{"allow":["GET"]}}],"collection":[{"href":"https:\/\/mifavorita.com.pa\/2017\/wp-json\/wp\/v2\/posts"}],"about":[{"href":"https:\/\/mifavorita.com.pa\/2017\/wp-json\/wp\/v2\/types\/post"}],"author":[{"embeddable":true,"href":"https:\/\/mifavorita.com.pa\/2017\/wp-json\/wp\/v2\/users\/2"}],"replies":[{"embeddable":true,"href":"https:\/\/mifavorita.com.pa\/2017\/wp-json\/wp\/v2\/comments?post=10320"}],"version-history":[{"count":3,"href":"https:\/\/mifavorita.com.pa\/2017\/wp-json\/wp\/v2\/posts\/10320\/revisions"}],"predecessor-version":[{"id":10325,"href":"https:\/\/mifavorita.com.pa\/2017\/wp-json\/wp\/v2\/posts\/10320\/revisions\/10325"}],"wp:featuredmedia":[{"embeddable":true,"href":"https:\/\/mifavorita.com.pa\/2017\/wp-json\/wp\/v2\/media\/10316"}],"wp:attachment":[{"href":"https:\/\/mifavorita.com.pa\/2017\/wp-json\/wp\/v2\/media?parent=10320"}],"wp:term":[{"taxonomy":"category","embeddable":true,"href":"https:\/\/mifavorita.com.pa\/2017\/wp-json\/wp\/v2\/categories?post=10320"},{"taxonomy":"post_tag","embeddable":true,"href":"https:\/\/mifavorita.com.pa\/2017\/wp-json\/wp\/v2\/tags?post=10320"}],"curies":[{"name":"wp","href":"https:\/\/api.w.org\/{rel}","templated":true}]}}