{"id":10328,"date":"2023-12-16T16:38:10","date_gmt":"2023-12-16T16:38:10","guid":{"rendered":"https:\/\/mifavorita.com.pa\/2017\/?p=10328"},"modified":"2023-12-16T16:38:12","modified_gmt":"2023-12-16T16:38:12","slug":"club-penonome-running-esta-listo-para-su-carrera-navidena-de-5-kilometros","status":"publish","type":"post","link":"https:\/\/mifavorita.com.pa\/2017\/club-penonome-running-esta-listo-para-su-carrera-navidena-de-5-kilometros\/","title":{"rendered":"CLUB PENONOM\u00c9 RUNNING EST\u00c1 LISTO PARA SU CARRERA NAVIDE\u00d1A DE 5 KIL\u00d3METROS"},"content":{"rendered":"\n<p>DAMGELA DE LE\u00d3N&nbsp;<\/p>\n\n\n\n<p>Impulsando la pasi\u00f3n por el deporte, el reci\u00e9n creado club Penonom\u00e9 Running ha organizado para este domingo 17 de diciembre una gran carrera navide\u00f1a&nbsp;de hasta 5 kil\u00f3metros,&nbsp;que tendr\u00e1 su salida desde El Retorno&nbsp;Food&nbsp;Park en la V\u00eda Interamericana a las 6:30 de la ma\u00f1ana, con la participaci\u00f3n de m\u00e1s de 150 personas, que competir\u00e1n por los primeros lugares en diversas categor\u00edas, desde infantil, juvenil y adulta, y femenina y masculina.&nbsp;<\/p>\n\n\n\n<p>Clubes de corredores de otros puntos de Cocl\u00e9, provincias de Chiriqu\u00ed, Veraguas y Panam\u00e1 Oeste, ya han confirmado su participaci\u00f3n en esta actividad deportiva que unir\u00e1 a familias enteras en esta misma pasi\u00f3n.&nbsp;<\/p>\n\n\n\n<p>Como actividades previas, se tiene planificado la entrega de kits deportivos a cada participante, que incluir\u00e1n chips para marcar el recorrido, hidrataci\u00f3n, y al finalizar, medallas conmemorativas al evento. <\/p>\n\n\n\n<figure class=\"wp-block-image size-large\"><img fetchpriority=\"high\" decoding=\"async\" width=\"1024\" height=\"768\" src=\"https:\/\/mifavorita.com.pa\/2017\/wp-content\/uploads\/2023\/12\/70f16eab-14c8-4de4-ba7f-63b47d64fe1d-1-1024x768.jpg\" class=\"wp-image-10327\" srcset=\"https:\/\/mifavorita.com.pa\/2017\/wp-content\/uploads\/2023\/12\/70f16eab-14c8-4de4-ba7f-63b47d64fe1d-1-1024x768.jpg 1024w, https:\/\/mifavorita.com.pa\/2017\/wp-content\/uploads\/2023\/12\/70f16eab-14c8-4de4-ba7f-63b47d64fe1d-1-300x225.jpg 300w, https:\/\/mifavorita.com.pa\/2017\/wp-content\/uploads\/2023\/12\/70f16eab-14c8-4de4-ba7f-63b47d64fe1d-1-768x576.jpg 768w, https:\/\/mifavorita.com.pa\/2017\/wp-content\/uploads\/2023\/12\/70f16eab-14c8-4de4-ba7f-63b47d64fe1d-1-1200x900.jpg 1200w, https:\/\/mifavorita.com.pa\/2017\/wp-content\/uploads\/2023\/12\/70f16eab-14c8-4de4-ba7f-63b47d64fe1d-1.jpg 1280w\" sizes=\"(max-width: 1024px) 100vw, 1024px\" \/><\/figure>\n\n\n\n<p>Edwin C\u00e1ceres, coordinador del evento y parte del club, explic\u00f3 que esta iniciativa que comenz\u00f3 hace muchos a\u00f1os, hoy en d\u00eda se ha concretado como un club de penonome\u00f1os aficionados a este deporte, que buscan su bienestar f\u00edsico y compartir con otras personas.&nbsp;<\/p>\n\n\n\n<p>El coordinador tambi\u00e9n inst\u00f3 a m\u00e1s personas a ser parte de esta iniciativa y a estar pendientes de las pr\u00f3ximas actividades que tendr\u00e1n, y que diversas empresas se han unido para patrocinar el evento que ya es toda una tradici\u00f3n.&nbsp;<\/p>\n\n\n\n<p>Se espera que puedan participar hasta 250 personas, sin embargo, muchos m\u00e1s pueden participar sin competir, sobre todo los m\u00e1s peque\u00f1os quienes tendr\u00e1n su espacio interactivo con juegos inflables y sorpresas. El recorrido ser\u00e1en v\u00edas internas de la zona detr\u00e1s del boulevard, por lo que el riesgo es m\u00ednimo, a\u00fan as\u00ed contar\u00e1n con estamentos de emergencia ante cualquier situaci\u00f3n.&nbsp;<\/p>\n\n\n\n<p>Lo recaudado en la actividad tendr\u00e1 como destino el apoyo a una fundaci\u00f3n de la localidad.<\/p>\n","protected":false},"excerpt":{"rendered":"<p>DAMGELA DE LE\u00d3N&nbsp; Impulsando la pasi\u00f3n por el deporte, el reci\u00e9n creado club Penonom\u00e9 Running ha organizado para este domingo 17 de diciembre una gran carrera navide\u00f1a&nbsp;de hasta 5 kil\u00f3metros,&nbsp;que tendr\u00e1 su salida desde El Retorno&nbsp;Food&nbsp;Park en la V\u00eda Interamericana a las 6:30 de la ma\u00f1ana, con la participaci\u00f3n de m\u00e1s de 150 personas, que [&hellip;]<\/p>\n","protected":false},"author":2,"featured_media":10326,"comment_status":"closed","ping_status":"open","sticky":false,"template":"","format":"standard","meta":{"footnotes":""},"categories":[1],"tags":[],"class_list":["post-10328","post","type-post","status-publish","format-standard","has-post-thumbnail","hentry","category-noticias"],"_links":{"self":[{"href":"https:\/\/mifavorita.com.pa\/2017\/wp-json\/wp\/v2\/posts\/10328","targetHints":{"allow":["GET"]}}],"collection":[{"href":"https:\/\/mifavorita.com.pa\/2017\/wp-json\/wp\/v2\/posts"}],"about":[{"href":"https:\/\/mifavorita.com.pa\/2017\/wp-json\/wp\/v2\/types\/post"}],"author":[{"embeddable":true,"href":"https:\/\/mifavorita.com.pa\/2017\/wp-json\/wp\/v2\/users\/2"}],"replies":[{"embeddable":true,"href":"https:\/\/mifavorita.com.pa\/2017\/wp-json\/wp\/v2\/comments?post=10328"}],"version-history":[{"count":1,"href":"https:\/\/mifavorita.com.pa\/2017\/wp-json\/wp\/v2\/posts\/10328\/revisions"}],"predecessor-version":[{"id":10329,"href":"https:\/\/mifavorita.com.pa\/2017\/wp-json\/wp\/v2\/posts\/10328\/revisions\/10329"}],"wp:featuredmedia":[{"embeddable":true,"href":"https:\/\/mifavorita.com.pa\/2017\/wp-json\/wp\/v2\/media\/10326"}],"wp:attachment":[{"href":"https:\/\/mifavorita.com.pa\/2017\/wp-json\/wp\/v2\/media?parent=10328"}],"wp:term":[{"taxonomy":"category","embeddable":true,"href":"https:\/\/mifavorita.com.pa\/2017\/wp-json\/wp\/v2\/categories?post=10328"},{"taxonomy":"post_tag","embeddable":true,"href":"https:\/\/mifavorita.com.pa\/2017\/wp-json\/wp\/v2\/tags?post=10328"}],"curies":[{"name":"wp","href":"https:\/\/api.w.org\/{rel}","templated":true}]}}