{"id":10334,"date":"2023-12-18T18:29:29","date_gmt":"2023-12-18T18:29:29","guid":{"rendered":"https:\/\/mifavorita.com.pa\/2017\/?p=10334"},"modified":"2023-12-18T18:29:31","modified_gmt":"2023-12-18T18:29:31","slug":"ninos-disfrutan-del-desfile-de-navidad-en-anton-gran-cantidad-de-carros-alegoricos-y-delegaciones-fueron-parte","status":"publish","type":"post","link":"https:\/\/mifavorita.com.pa\/2017\/ninos-disfrutan-del-desfile-de-navidad-en-anton-gran-cantidad-de-carros-alegoricos-y-delegaciones-fueron-parte\/","title":{"rendered":"NI\u00d1OS DISFRUTAN DEL DESFILE DE NAVIDAD EN ANT\u00d3N, GRAN CANTIDAD DE CARROS ALEG\u00d3RICOS Y DELEGACIONES FUERON PARTE"},"content":{"rendered":"\n<p>DAMGELA DE LE\u00d3N<\/p>\n\n\n\n<p>Gran cantidad de ni\u00f1os y adultos antoneros participaron del desfile navide\u00f1o \u201cLuz y Esperanza\u201d realizado el s\u00e1bado 16 y organizado por las autoridades de este distrito, en donde participaron m\u00e1s de 7 carros creativamente dise\u00f1ados, al igual que se dieron cita bandas musicales de escuelas del distrito y de otras regiones del pa\u00eds.&nbsp;<\/p>\n\n\n\n<p>Trineos de Santa, el mundo de Barbie, Bob Esponja, Cenicienta, \u00e1ngeles y casitas de jengibre, fueron parte de las tem\u00e1ticas utilizadas para este desfile, el cual otorgar\u00e1 un premio durante los pr\u00f3ximos d\u00edas al mejor carro, por parte de la Alcald\u00eda.<\/p>\n\n\n\n<figure class=\"wp-block-image size-large\"><img fetchpriority=\"high\" decoding=\"async\" width=\"1024\" height=\"904\" src=\"https:\/\/mifavorita.com.pa\/2017\/wp-content\/uploads\/2023\/12\/49f10a71-4637-49a6-ace0-c9a105d37290-1-1024x904.jpg\" class=\"wp-image-10331\" srcset=\"https:\/\/mifavorita.com.pa\/2017\/wp-content\/uploads\/2023\/12\/49f10a71-4637-49a6-ace0-c9a105d37290-1-1024x904.jpg 1024w, https:\/\/mifavorita.com.pa\/2017\/wp-content\/uploads\/2023\/12\/49f10a71-4637-49a6-ace0-c9a105d37290-1-300x265.jpg 300w, https:\/\/mifavorita.com.pa\/2017\/wp-content\/uploads\/2023\/12\/49f10a71-4637-49a6-ace0-c9a105d37290-1-768x678.jpg 768w, https:\/\/mifavorita.com.pa\/2017\/wp-content\/uploads\/2023\/12\/49f10a71-4637-49a6-ace0-c9a105d37290-1.jpg 1170w\" sizes=\"(max-width: 1024px) 100vw, 1024px\" \/><\/figure>\n\n\n\n<p>La banda m\u00e1s aclamada fue la de la Escuela Biling\u00fce Claudio V\u00e1squez V\u00e1squez de Las Tablas, que por primera vez se presentaba en este lugar, adem\u00e1s de la Banda Cristo de Esquipulas que se encarg\u00f3 de cerrar esta actividad. Grupos de autos 4&#215;4 tambi\u00e9n recorrieron las avenidas del pueblo con alegres villancicos y curiosamente adornados. <\/p>\n\n\n\n<figure class=\"wp-block-image size-large\"><img decoding=\"async\" width=\"1024\" height=\"488\" src=\"https:\/\/mifavorita.com.pa\/2017\/wp-content\/uploads\/2023\/12\/5e42ed53-6d6b-4432-861a-2d8173f95a83-1-1024x488.jpg\" class=\"wp-image-10332\" srcset=\"https:\/\/mifavorita.com.pa\/2017\/wp-content\/uploads\/2023\/12\/5e42ed53-6d6b-4432-861a-2d8173f95a83-1-1024x488.jpg 1024w, https:\/\/mifavorita.com.pa\/2017\/wp-content\/uploads\/2023\/12\/5e42ed53-6d6b-4432-861a-2d8173f95a83-1-300x143.jpg 300w, https:\/\/mifavorita.com.pa\/2017\/wp-content\/uploads\/2023\/12\/5e42ed53-6d6b-4432-861a-2d8173f95a83-1-768x366.jpg 768w, https:\/\/mifavorita.com.pa\/2017\/wp-content\/uploads\/2023\/12\/5e42ed53-6d6b-4432-861a-2d8173f95a83-1.jpg 1170w\" sizes=\"(max-width: 1024px) 100vw, 1024px\" \/><\/figure>\n\n\n\n<p>Dentro de las delegaciones participantes estuvieron escuelitas de b\u00e9isbol y karate, acompa\u00f1ados de diversos personajes como Santa, El Grinch, Mickey y Minnie Mousse, la Doctora Juguetes y mimos quienes alegraron a los presentes con sus presentaciones durante toda la ruta, hasta llegar al Municipio. <\/p>\n\n\n\n<figure class=\"wp-block-image size-large\"><img decoding=\"async\" width=\"1024\" height=\"579\" src=\"https:\/\/mifavorita.com.pa\/2017\/wp-content\/uploads\/2023\/12\/13a434de-3e0d-4a53-a3fc-18e53c06b885-1-1024x579.jpg\" class=\"wp-image-10333\" srcset=\"https:\/\/mifavorita.com.pa\/2017\/wp-content\/uploads\/2023\/12\/13a434de-3e0d-4a53-a3fc-18e53c06b885-1-1024x579.jpg 1024w, https:\/\/mifavorita.com.pa\/2017\/wp-content\/uploads\/2023\/12\/13a434de-3e0d-4a53-a3fc-18e53c06b885-1-300x170.jpg 300w, https:\/\/mifavorita.com.pa\/2017\/wp-content\/uploads\/2023\/12\/13a434de-3e0d-4a53-a3fc-18e53c06b885-1-768x434.jpg 768w, https:\/\/mifavorita.com.pa\/2017\/wp-content\/uploads\/2023\/12\/13a434de-3e0d-4a53-a3fc-18e53c06b885-1.jpg 1169w\" sizes=\"(max-width: 1024px) 100vw, 1024px\" \/><\/figure>\n\n\n\n<p>Tambi\u00e9n fueron entregados regalos y golosinas a los ni\u00f1os presentes, quienes tambi\u00e9n disfrutaron de un espect\u00e1culo de fuegos artificiales.<\/p>\n","protected":false},"excerpt":{"rendered":"<p>DAMGELA DE LE\u00d3N Gran cantidad de ni\u00f1os y adultos antoneros participaron del desfile navide\u00f1o \u201cLuz y Esperanza\u201d realizado el s\u00e1bado 16 y organizado por las autoridades de este distrito, en donde participaron m\u00e1s de 7 carros creativamente dise\u00f1ados, al igual que se dieron cita bandas musicales de escuelas del distrito y de otras regiones del [&hellip;]<\/p>\n","protected":false},"author":2,"featured_media":10330,"comment_status":"closed","ping_status":"open","sticky":false,"template":"","format":"standard","meta":{"footnotes":""},"categories":[1],"tags":[],"class_list":["post-10334","post","type-post","status-publish","format-standard","has-post-thumbnail","hentry","category-noticias"],"_links":{"self":[{"href":"https:\/\/mifavorita.com.pa\/2017\/wp-json\/wp\/v2\/posts\/10334","targetHints":{"allow":["GET"]}}],"collection":[{"href":"https:\/\/mifavorita.com.pa\/2017\/wp-json\/wp\/v2\/posts"}],"about":[{"href":"https:\/\/mifavorita.com.pa\/2017\/wp-json\/wp\/v2\/types\/post"}],"author":[{"embeddable":true,"href":"https:\/\/mifavorita.com.pa\/2017\/wp-json\/wp\/v2\/users\/2"}],"replies":[{"embeddable":true,"href":"https:\/\/mifavorita.com.pa\/2017\/wp-json\/wp\/v2\/comments?post=10334"}],"version-history":[{"count":1,"href":"https:\/\/mifavorita.com.pa\/2017\/wp-json\/wp\/v2\/posts\/10334\/revisions"}],"predecessor-version":[{"id":10335,"href":"https:\/\/mifavorita.com.pa\/2017\/wp-json\/wp\/v2\/posts\/10334\/revisions\/10335"}],"wp:featuredmedia":[{"embeddable":true,"href":"https:\/\/mifavorita.com.pa\/2017\/wp-json\/wp\/v2\/media\/10330"}],"wp:attachment":[{"href":"https:\/\/mifavorita.com.pa\/2017\/wp-json\/wp\/v2\/media?parent=10334"}],"wp:term":[{"taxonomy":"category","embeddable":true,"href":"https:\/\/mifavorita.com.pa\/2017\/wp-json\/wp\/v2\/categories?post=10334"},{"taxonomy":"post_tag","embeddable":true,"href":"https:\/\/mifavorita.com.pa\/2017\/wp-json\/wp\/v2\/tags?post=10334"}],"curies":[{"name":"wp","href":"https:\/\/api.w.org\/{rel}","templated":true}]}}