{"id":10340,"date":"2023-12-18T20:00:32","date_gmt":"2023-12-18T20:00:32","guid":{"rendered":"https:\/\/mifavorita.com.pa\/2017\/?p=10340"},"modified":"2023-12-18T20:00:34","modified_gmt":"2023-12-18T20:00:34","slug":"mediante-la-operacion-rufian-rescatan-8-mujeres-de-una-red-de-explotacion-sexual-que-operaba-en-cocle-chiriqui-y-veraguas","status":"publish","type":"post","link":"https:\/\/mifavorita.com.pa\/2017\/mediante-la-operacion-rufian-rescatan-8-mujeres-de-una-red-de-explotacion-sexual-que-operaba-en-cocle-chiriqui-y-veraguas\/","title":{"rendered":"MEDIANTE LA OPERACI\u00d3N RUFI\u00c1N, RESCATAN 8 MUJERES DE UNA RED DE EXPLOTACI\u00d3N SEXUAL QUE OPERABA EN COCL\u00c9, CHIRIQU\u00cd Y VERAGUAS"},"content":{"rendered":"\n<p>DAMGELA DE LE\u00d3N<\/p>\n\n\n\n<p>Un total de 8 mujeres, de nacionalidades colombiana y nicarag\u00fcense, fueron rescatadas de una posible red de explotaci\u00f3n sexual mediante la Operaci\u00f3n Rufi\u00e1n llevada a cabo por unidades del Departamento de Inteligencia de la Polic\u00eda Nacional, el Ministerio P\u00fablico y el Servicio Nacional de Migraci\u00f3n, la madrugada de este lunes 18 en Cocl\u00e9, Chiriqu\u00ed y Veraguas. <\/p>\n\n\n\n<figure class=\"wp-block-image size-large\"><img fetchpriority=\"high\" decoding=\"async\" width=\"1024\" height=\"768\" src=\"https:\/\/mifavorita.com.pa\/2017\/wp-content\/uploads\/2023\/12\/95e2634b-1411-475c-8285-719aa5a38711-1-1024x768.jpg\" class=\"wp-image-10339\" srcset=\"https:\/\/mifavorita.com.pa\/2017\/wp-content\/uploads\/2023\/12\/95e2634b-1411-475c-8285-719aa5a38711-1-1024x768.jpg 1024w, https:\/\/mifavorita.com.pa\/2017\/wp-content\/uploads\/2023\/12\/95e2634b-1411-475c-8285-719aa5a38711-1-300x225.jpg 300w, https:\/\/mifavorita.com.pa\/2017\/wp-content\/uploads\/2023\/12\/95e2634b-1411-475c-8285-719aa5a38711-1-768x576.jpg 768w, https:\/\/mifavorita.com.pa\/2017\/wp-content\/uploads\/2023\/12\/95e2634b-1411-475c-8285-719aa5a38711-1-1200x900.jpg 1200w, https:\/\/mifavorita.com.pa\/2017\/wp-content\/uploads\/2023\/12\/95e2634b-1411-475c-8285-719aa5a38711-1.jpg 1236w\" sizes=\"(max-width: 1024px) 100vw, 1024px\" \/><\/figure>\n\n\n\n<p>En esta Operaci\u00f3n fueron aprehendidas 5 personas, en su mayor\u00eda paname\u00f1os, que se dedicaban a este delito desde hace algunos a\u00f1os. Este caso era investigado por el Ministerio P\u00fablico desde mayo del 2022, cuando, mediante una llamada an\u00f3nima, se denunci\u00f3 acerca de esta situaci\u00f3n. <\/p>\n\n\n\n<figure class=\"wp-block-image size-large\"><img decoding=\"async\" width=\"1024\" height=\"576\" src=\"https:\/\/mifavorita.com.pa\/2017\/wp-content\/uploads\/2023\/12\/e5139896-d802-4cb6-a3ca-0023cc071cba-1-1024x576.jpg\" class=\"wp-image-10337\" srcset=\"https:\/\/mifavorita.com.pa\/2017\/wp-content\/uploads\/2023\/12\/e5139896-d802-4cb6-a3ca-0023cc071cba-1-1024x576.jpg 1024w, https:\/\/mifavorita.com.pa\/2017\/wp-content\/uploads\/2023\/12\/e5139896-d802-4cb6-a3ca-0023cc071cba-1-300x169.jpg 300w, https:\/\/mifavorita.com.pa\/2017\/wp-content\/uploads\/2023\/12\/e5139896-d802-4cb6-a3ca-0023cc071cba-1-768x432.jpg 768w, https:\/\/mifavorita.com.pa\/2017\/wp-content\/uploads\/2023\/12\/e5139896-d802-4cb6-a3ca-0023cc071cba-1-1200x675.jpg 1200w, https:\/\/mifavorita.com.pa\/2017\/wp-content\/uploads\/2023\/12\/e5139896-d802-4cb6-a3ca-0023cc071cba-1.jpg 1280w\" sizes=\"(max-width: 1024px) 100vw, 1024px\" \/><\/figure>\n\n\n\n<p>Jorge Rivera, Fiscal contra la delincuencia organizada, explic\u00f3 detalles de esta diligencia que se realiz\u00f3 en simult\u00e1neo en estas 3 provincias, y en donde se recabaronevidencias que se relacionaban a la prostituci\u00f3n en diversas casas y apartamentos, como preservativos, f\u00e1rmacos y dinero en efectivo. <\/p>\n\n\n\n<figure class=\"wp-block-image size-large\"><img decoding=\"async\" width=\"1024\" height=\"768\" src=\"https:\/\/mifavorita.com.pa\/2017\/wp-content\/uploads\/2023\/12\/937c001f-40ae-41cf-b34e-6eedac303bee-1-1024x768.jpg\" class=\"wp-image-10338\" srcset=\"https:\/\/mifavorita.com.pa\/2017\/wp-content\/uploads\/2023\/12\/937c001f-40ae-41cf-b34e-6eedac303bee-1-1024x768.jpg 1024w, https:\/\/mifavorita.com.pa\/2017\/wp-content\/uploads\/2023\/12\/937c001f-40ae-41cf-b34e-6eedac303bee-1-300x225.jpg 300w, https:\/\/mifavorita.com.pa\/2017\/wp-content\/uploads\/2023\/12\/937c001f-40ae-41cf-b34e-6eedac303bee-1-768x576.jpg 768w, https:\/\/mifavorita.com.pa\/2017\/wp-content\/uploads\/2023\/12\/937c001f-40ae-41cf-b34e-6eedac303bee-1-1200x900.jpg 1200w, https:\/\/mifavorita.com.pa\/2017\/wp-content\/uploads\/2023\/12\/937c001f-40ae-41cf-b34e-6eedac303bee-1.jpg 1280w\" sizes=\"(max-width: 1024px) 100vw, 1024px\" \/><\/figure>\n\n\n\n<p>El Fiscal fue enf\u00e1tico en que la Fiscal\u00eda contra la delincuencia se mantiene al tanto&nbsp;y trabajando f\u00e9rreamenteen&nbsp;diversos casos de redes de tr\u00e1fico de personas, explotaci\u00f3n sexual, entre otros, a nivel nacional, pero que pide a la ciudadan\u00eda&nbsp;denunciar&nbsp;estos hechos.&nbsp;<\/p>\n\n\n\n<p>Los 5 aprehendidos ser\u00e1n llevados ante un tribunal de garant\u00edas en las pr\u00f3ximas horas para la realizaci\u00f3n de la audiencia en donde se legalizar\u00e1 la aprehensi\u00f3n, se imputar\u00e1n cargos y se determinar\u00e1 una medida provisional durante el tiempo no m\u00e1ximo de 6 meses que deben durar las investigaciones.<\/p>\n","protected":false},"excerpt":{"rendered":"<p>DAMGELA DE LE\u00d3N Un total de 8 mujeres, de nacionalidades colombiana y nicarag\u00fcense, fueron rescatadas de una posible red de explotaci\u00f3n sexual mediante la Operaci\u00f3n Rufi\u00e1n llevada a cabo por unidades del Departamento de Inteligencia de la Polic\u00eda Nacional, el Ministerio P\u00fablico y el Servicio Nacional de Migraci\u00f3n, la madrugada de este lunes 18 en [&hellip;]<\/p>\n","protected":false},"author":2,"featured_media":10336,"comment_status":"closed","ping_status":"open","sticky":false,"template":"","format":"standard","meta":{"footnotes":""},"categories":[1],"tags":[],"class_list":["post-10340","post","type-post","status-publish","format-standard","has-post-thumbnail","hentry","category-noticias"],"_links":{"self":[{"href":"https:\/\/mifavorita.com.pa\/2017\/wp-json\/wp\/v2\/posts\/10340","targetHints":{"allow":["GET"]}}],"collection":[{"href":"https:\/\/mifavorita.com.pa\/2017\/wp-json\/wp\/v2\/posts"}],"about":[{"href":"https:\/\/mifavorita.com.pa\/2017\/wp-json\/wp\/v2\/types\/post"}],"author":[{"embeddable":true,"href":"https:\/\/mifavorita.com.pa\/2017\/wp-json\/wp\/v2\/users\/2"}],"replies":[{"embeddable":true,"href":"https:\/\/mifavorita.com.pa\/2017\/wp-json\/wp\/v2\/comments?post=10340"}],"version-history":[{"count":1,"href":"https:\/\/mifavorita.com.pa\/2017\/wp-json\/wp\/v2\/posts\/10340\/revisions"}],"predecessor-version":[{"id":10341,"href":"https:\/\/mifavorita.com.pa\/2017\/wp-json\/wp\/v2\/posts\/10340\/revisions\/10341"}],"wp:featuredmedia":[{"embeddable":true,"href":"https:\/\/mifavorita.com.pa\/2017\/wp-json\/wp\/v2\/media\/10336"}],"wp:attachment":[{"href":"https:\/\/mifavorita.com.pa\/2017\/wp-json\/wp\/v2\/media?parent=10340"}],"wp:term":[{"taxonomy":"category","embeddable":true,"href":"https:\/\/mifavorita.com.pa\/2017\/wp-json\/wp\/v2\/categories?post=10340"},{"taxonomy":"post_tag","embeddable":true,"href":"https:\/\/mifavorita.com.pa\/2017\/wp-json\/wp\/v2\/tags?post=10340"}],"curies":[{"name":"wp","href":"https:\/\/api.w.org\/{rel}","templated":true}]}}