{"id":10344,"date":"2023-12-18T22:10:14","date_gmt":"2023-12-18T22:10:14","guid":{"rendered":"https:\/\/mifavorita.com.pa\/2017\/?p=10344"},"modified":"2023-12-18T22:10:16","modified_gmt":"2023-12-18T22:10:16","slug":"jovenes-resultaron-levemente-heridos-por-vuelco-en-membrillo-otros-6-accidentes-se-registraron-este-fin-de-semana-en-cocle","status":"publish","type":"post","link":"https:\/\/mifavorita.com.pa\/2017\/jovenes-resultaron-levemente-heridos-por-vuelco-en-membrillo-otros-6-accidentes-se-registraron-este-fin-de-semana-en-cocle\/","title":{"rendered":"J\u00d3VENES RESULTARON LEVEMENTE HERIDOS POR VUELCO EN MEMBRILLO. OTROS 6 ACCIDENTES SE REGISTRARON ESTE FIN DE SEMANA EN COCL\u00c9"},"content":{"rendered":"\n<p>DAMGELA DE LE\u00d3N&nbsp;<\/p>\n\n\n\n<p>M\u00e1s de&nbsp;6&nbsp;personas entre ni\u00f1os, j\u00f3venes y adultos resultaron con heridas leves producto de un vuelco registrado en la comunidad de Membrillo en&nbsp;Penonom\u00e9, esto en horas de la noche del domingo 17 de diciembre. Los ocupantes del auto tipo pick up se dirig\u00edan a participar de una presentaci\u00f3n navide\u00f1a, cuando el conductor perdi\u00f3 el control del veh\u00edculo, el cual qued\u00f3 sobre el pavimento completamente invertido.&nbsp;<\/p>\n\n\n\n<p>Los heridos fueron trasladados en varias ambulancias al Hospital Aquilino Tejeira, en donde&nbsp;algunos&nbsp;requirieron de una evaluaci\u00f3n m\u00e1s profunda por parte del personal m\u00e9dico,&nbsp;pero todos&nbsp;fueron dados de alta horas m\u00e1s tarde.&nbsp;<\/p>\n\n\n\n<p>Seg\u00fan las autoridades que acudieron al sitio el consumo de alcohol adem\u00e1s de la distracci\u00f3n al volante, pudieron ser parte de este hecho, que afortunadamente no dej\u00f3 heridos graves ni v\u00edctimas fatales. <\/p>\n\n\n\n<figure class=\"wp-block-image size-large\"><img fetchpriority=\"high\" decoding=\"async\" width=\"300\" height=\"300\" src=\"https:\/\/mifavorita.com.pa\/2017\/wp-content\/uploads\/2023\/12\/c1962f53-3327-4b46-8cdd-7169c700143e-1-300x300.jpg\" class=\"wp-image-10343\" srcset=\"https:\/\/mifavorita.com.pa\/2017\/wp-content\/uploads\/2023\/12\/c1962f53-3327-4b46-8cdd-7169c700143e-1-300x300.jpg 300w, https:\/\/mifavorita.com.pa\/2017\/wp-content\/uploads\/2023\/12\/c1962f53-3327-4b46-8cdd-7169c700143e-1-150x150.jpg 150w, https:\/\/mifavorita.com.pa\/2017\/wp-content\/uploads\/2023\/12\/c1962f53-3327-4b46-8cdd-7169c700143e-1.jpg 720w\" sizes=\"(max-width: 300px) 100vw, 300px\" \/><\/figure>\n\n\n\n<p>Otros 6 hechos se registraron durante este fin de semana en la provincia de Cocl\u00e9, por lo que el teniente&nbsp;Olivares,&nbsp;de la subdirecci\u00f3n de operaciones de tr\u00e1nsito,&nbsp;explic\u00f3 que se estar\u00e1n realizando m\u00e1s operativos para evitar estos accidentes.&nbsp;<\/p>\n\n\n\n<p>Adem\u00e1s, indic\u00f3 que se colocaron 569 boletas a conductores, en su mayor\u00eda por exceder los l\u00edmites permitidos de velocidad y desatender se\u00f1ales de tr\u00e1nsito, y se utilizaron 16 servicios de gr\u00faas, por diversas faltas como no portar licencia y embriaguez comprobada.<\/p>\n\n\n\n<p>El teniente resalt\u00f3 que, durante esta semana previa a las festividades navide\u00f1as, el tr\u00e1fico se ver\u00e1 mayormente congestionado, por lo que se les pide a los conductores y peatones estar m\u00e1s atentos en las calles, respetando las se\u00f1ales de tr\u00e1nsito y evitando utilizar el celular.<\/p>\n","protected":false},"excerpt":{"rendered":"<p>DAMGELA DE LE\u00d3N&nbsp; M\u00e1s de&nbsp;6&nbsp;personas entre ni\u00f1os, j\u00f3venes y adultos resultaron con heridas leves producto de un vuelco registrado en la comunidad de Membrillo en&nbsp;Penonom\u00e9, esto en horas de la noche del domingo 17 de diciembre. Los ocupantes del auto tipo pick up se dirig\u00edan a participar de una presentaci\u00f3n navide\u00f1a, cuando el conductor perdi\u00f3 [&hellip;]<\/p>\n","protected":false},"author":2,"featured_media":10342,"comment_status":"closed","ping_status":"open","sticky":false,"template":"","format":"standard","meta":{"footnotes":""},"categories":[1],"tags":[],"class_list":["post-10344","post","type-post","status-publish","format-standard","has-post-thumbnail","hentry","category-noticias"],"_links":{"self":[{"href":"https:\/\/mifavorita.com.pa\/2017\/wp-json\/wp\/v2\/posts\/10344","targetHints":{"allow":["GET"]}}],"collection":[{"href":"https:\/\/mifavorita.com.pa\/2017\/wp-json\/wp\/v2\/posts"}],"about":[{"href":"https:\/\/mifavorita.com.pa\/2017\/wp-json\/wp\/v2\/types\/post"}],"author":[{"embeddable":true,"href":"https:\/\/mifavorita.com.pa\/2017\/wp-json\/wp\/v2\/users\/2"}],"replies":[{"embeddable":true,"href":"https:\/\/mifavorita.com.pa\/2017\/wp-json\/wp\/v2\/comments?post=10344"}],"version-history":[{"count":1,"href":"https:\/\/mifavorita.com.pa\/2017\/wp-json\/wp\/v2\/posts\/10344\/revisions"}],"predecessor-version":[{"id":10345,"href":"https:\/\/mifavorita.com.pa\/2017\/wp-json\/wp\/v2\/posts\/10344\/revisions\/10345"}],"wp:featuredmedia":[{"embeddable":true,"href":"https:\/\/mifavorita.com.pa\/2017\/wp-json\/wp\/v2\/media\/10342"}],"wp:attachment":[{"href":"https:\/\/mifavorita.com.pa\/2017\/wp-json\/wp\/v2\/media?parent=10344"}],"wp:term":[{"taxonomy":"category","embeddable":true,"href":"https:\/\/mifavorita.com.pa\/2017\/wp-json\/wp\/v2\/categories?post=10344"},{"taxonomy":"post_tag","embeddable":true,"href":"https:\/\/mifavorita.com.pa\/2017\/wp-json\/wp\/v2\/tags?post=10344"}],"curies":[{"name":"wp","href":"https:\/\/api.w.org\/{rel}","templated":true}]}}