{"id":10349,"date":"2023-12-18T22:15:33","date_gmt":"2023-12-18T22:15:33","guid":{"rendered":"https:\/\/mifavorita.com.pa\/2017\/?p=10349"},"modified":"2023-12-18T22:15:35","modified_gmt":"2023-12-18T22:15:35","slug":"una-roca-gigante-amenaza-la-vida-y-propiedades-de-dos-familias-en-machuca","status":"publish","type":"post","link":"https:\/\/mifavorita.com.pa\/2017\/una-roca-gigante-amenaza-la-vida-y-propiedades-de-dos-familias-en-machuca\/","title":{"rendered":"UNA ROCA GIGANTE AMENAZA LA VIDA Y PROPIEDADES DE DOS FAMILIAS EN MACHUCA"},"content":{"rendered":"\n<p>EDILSA GONZALEZ&nbsp;&nbsp;ROCA<\/p>\n\n\n\n<p>En peligro constante viven dos familias de la comunidad de Machuca en el corregimiento de Piedras Gordas, distrito de La Pintada, desde hace m\u00e1s de un mes una enorme roca amenaza con caer sobre sus viviendas y desde entonces est\u00e1n a la espera de que el Ministerio de Obras P\u00fablicas les ayude a evitar una tragedia.<\/p>\n\n\n\n<p>Seg\u00fan cont\u00f3 Manuel Rodr\u00edguez, uno de los vecinos afectados, a inicios del mes de noviembre u debido a las constantes lluvias, una roca enorme cuyo magnitud supera la tonelada se desliz\u00f3 de la orilla de la carretera que conduce a la comunidad y esta solo detenida por un \u00e1rbol que a su vez fue apuntalado por el Sinaproc para evitar que el peso de la roca lo derrumbe, pero esta medida es temporal y en cualquier momento el cable puede ceder.<\/p>\n\n\n\n<figure class=\"wp-block-image size-large\"><img fetchpriority=\"high\" decoding=\"async\" width=\"1024\" height=\"558\" src=\"https:\/\/mifavorita.com.pa\/2017\/wp-content\/uploads\/2023\/12\/img_8101-1-1024x558.jpg\" class=\"wp-image-10347\" srcset=\"https:\/\/mifavorita.com.pa\/2017\/wp-content\/uploads\/2023\/12\/img_8101-1-1024x558.jpg 1024w, https:\/\/mifavorita.com.pa\/2017\/wp-content\/uploads\/2023\/12\/img_8101-1-300x164.jpg 300w, https:\/\/mifavorita.com.pa\/2017\/wp-content\/uploads\/2023\/12\/img_8101-1-768x419.jpg 768w, https:\/\/mifavorita.com.pa\/2017\/wp-content\/uploads\/2023\/12\/img_8101-1.jpg 1170w\" sizes=\"(max-width: 1024px) 100vw, 1024px\" \/><\/figure>\n\n\n\n<p>Seg\u00fan el joven desde el momento en que conocieron la situaci\u00f3n de la piedra dieron aviso a las autoridades y funcionarios de Sinaproc acudieron al sitio amarraron la roca e hicieron in informe que llevaron tanto al Ministerio de Obras Publicas como a la Junta Comunal con las recomendaciones pero hasta la fecha el MOP que era la entidad que les puede ayudar no ha dado respuesta.<\/p>\n\n\n\n<p>Alejandro Rodr\u00edguez, otro de los jefes de familia en riesgo, dijo que la recomendaci\u00f3n del Sinaproc fue desalojar la vivienda por sus seguridad y hace un mes y 15 d\u00edas viven alquilados en otro sector pero todo eso le genera gastos e incluso estr\u00e9s que ya ha afectado miembros de la familia que han enfermado producto de la tensi\u00f3n de perder todo.<\/p>\n\n\n\n<figure class=\"wp-block-image size-large\"><img decoding=\"async\" width=\"1024\" height=\"577\" src=\"https:\/\/mifavorita.com.pa\/2017\/wp-content\/uploads\/2023\/12\/img_8099-1-1024x577.jpg\" class=\"wp-image-10348\" srcset=\"https:\/\/mifavorita.com.pa\/2017\/wp-content\/uploads\/2023\/12\/img_8099-1-1024x577.jpg 1024w, https:\/\/mifavorita.com.pa\/2017\/wp-content\/uploads\/2023\/12\/img_8099-1-300x169.jpg 300w, https:\/\/mifavorita.com.pa\/2017\/wp-content\/uploads\/2023\/12\/img_8099-1-768x433.jpg 768w, https:\/\/mifavorita.com.pa\/2017\/wp-content\/uploads\/2023\/12\/img_8099-1.jpg 1170w\" sizes=\"(max-width: 1024px) 100vw, 1024px\" \/><\/figure>\n\n\n\n<p>Rodr\u00edguez, dijo que por parte de la Junta Comunal se hicieron las gestiones y hasta se consigui\u00f3 el dinero para una cama baja que servir\u00e1 para el traslado de maquinaria al sitio, pero lamentablemente estiman que el MOP les ha estado sacado el cuerpo pues pasan de una excusa a otra sin dar respuesta mientras tanto ellos viven el peligro constante.<\/p>\n\n\n\n<p>Cuestionado sobre este tema el director regional del Ministerio de Obras Publicas Tom\u00e1s Bethancourt, se\u00f1al\u00f3 que ya el ministro les dio el aval para hacer la maniobra de traslado de maquinarias hacia el sector de Machuca esta misma semana y para eso han gestionado el apoyo de una m\u00e1quina de la cantera de El Roble que es la m\u00e1s apta para el trabajo que se debe realizar.<\/p>\n","protected":false},"excerpt":{"rendered":"<p>EDILSA GONZALEZ&nbsp;&nbsp;ROCA En peligro constante viven dos familias de la comunidad de Machuca en el corregimiento de Piedras Gordas, distrito de La Pintada, desde hace m\u00e1s de un mes una enorme roca amenaza con caer sobre sus viviendas y desde entonces est\u00e1n a la espera de que el Ministerio de Obras P\u00fablicas les ayude a [&hellip;]<\/p>\n","protected":false},"author":2,"featured_media":10346,"comment_status":"closed","ping_status":"open","sticky":false,"template":"","format":"standard","meta":{"footnotes":""},"categories":[1],"tags":[],"class_list":["post-10349","post","type-post","status-publish","format-standard","has-post-thumbnail","hentry","category-noticias"],"_links":{"self":[{"href":"https:\/\/mifavorita.com.pa\/2017\/wp-json\/wp\/v2\/posts\/10349","targetHints":{"allow":["GET"]}}],"collection":[{"href":"https:\/\/mifavorita.com.pa\/2017\/wp-json\/wp\/v2\/posts"}],"about":[{"href":"https:\/\/mifavorita.com.pa\/2017\/wp-json\/wp\/v2\/types\/post"}],"author":[{"embeddable":true,"href":"https:\/\/mifavorita.com.pa\/2017\/wp-json\/wp\/v2\/users\/2"}],"replies":[{"embeddable":true,"href":"https:\/\/mifavorita.com.pa\/2017\/wp-json\/wp\/v2\/comments?post=10349"}],"version-history":[{"count":1,"href":"https:\/\/mifavorita.com.pa\/2017\/wp-json\/wp\/v2\/posts\/10349\/revisions"}],"predecessor-version":[{"id":10350,"href":"https:\/\/mifavorita.com.pa\/2017\/wp-json\/wp\/v2\/posts\/10349\/revisions\/10350"}],"wp:featuredmedia":[{"embeddable":true,"href":"https:\/\/mifavorita.com.pa\/2017\/wp-json\/wp\/v2\/media\/10346"}],"wp:attachment":[{"href":"https:\/\/mifavorita.com.pa\/2017\/wp-json\/wp\/v2\/media?parent=10349"}],"wp:term":[{"taxonomy":"category","embeddable":true,"href":"https:\/\/mifavorita.com.pa\/2017\/wp-json\/wp\/v2\/categories?post=10349"},{"taxonomy":"post_tag","embeddable":true,"href":"https:\/\/mifavorita.com.pa\/2017\/wp-json\/wp\/v2\/tags?post=10349"}],"curies":[{"name":"wp","href":"https:\/\/api.w.org\/{rel}","templated":true}]}}