{"id":10354,"date":"2023-12-19T23:01:17","date_gmt":"2023-12-19T23:01:17","guid":{"rendered":"https:\/\/mifavorita.com.pa\/2017\/?p=10354"},"modified":"2023-12-19T23:01:19","modified_gmt":"2023-12-19T23:01:19","slug":"departamento-de-proteccion-de-alimentos-pide-a-la-poblacion-ser-vigilantes-al-consumir-alimentos-en-puestos-ambulantes","status":"publish","type":"post","link":"https:\/\/mifavorita.com.pa\/2017\/departamento-de-proteccion-de-alimentos-pide-a-la-poblacion-ser-vigilantes-al-consumir-alimentos-en-puestos-ambulantes\/","title":{"rendered":"DEPARTAMENTO DE PROTECCI\u00d3N DE ALIMENTOS PIDE A LA POBLACI\u00d3N SER VIGILANTES AL CONSUMIR ALIMENTOS EN PUESTOS AMBULANTES"},"content":{"rendered":"\n<p>DAMGELA DE LE\u00d3N<\/p>\n\n\n\n<p>Ser un inspector m\u00e1s es a lo que exhorta el Departamento&nbsp;de Protecci\u00f3n de Alimentos&nbsp;del Ministerio de Salud a todos los coclesanos, que durante estas fiestas de fin de a\u00f1o,&nbsp;estar\u00e1n consumiendo productos en las calles,&nbsp;los cuales&nbsp;no siempre sus preparadores y vendedores, cumplen&nbsp;con las medidas sanitarias y la responsabilidad de ofrecer alimentos en buen estado.&nbsp;<\/p>\n\n\n\n<p>As\u00ed lo se\u00f1al\u00f3 Magally Bullen, jefa de este departamento, quien con preocupaci\u00f3n pidi\u00f3 a la poblaci\u00f3n que sean conscientes al momento de comprar comidas o bebidas en puestos de ventas ambulantes, al igual que a los vendedores, cumplir con las normas para evitar sanciones y enfermedades a sus clientes. <\/p>\n\n\n\n<figure class=\"wp-block-image size-large\"><img fetchpriority=\"high\" decoding=\"async\" width=\"1024\" height=\"683\" src=\"https:\/\/mifavorita.com.pa\/2017\/wp-content\/uploads\/2023\/12\/img_8157-1-1024x683.jpg\" class=\"wp-image-10352\" srcset=\"https:\/\/mifavorita.com.pa\/2017\/wp-content\/uploads\/2023\/12\/img_8157-1-1024x683.jpg 1024w, https:\/\/mifavorita.com.pa\/2017\/wp-content\/uploads\/2023\/12\/img_8157-1-300x200.jpg 300w, https:\/\/mifavorita.com.pa\/2017\/wp-content\/uploads\/2023\/12\/img_8157-1-768x512.jpg 768w, https:\/\/mifavorita.com.pa\/2017\/wp-content\/uploads\/2023\/12\/img_8157-1-1200x800.jpg 1200w, https:\/\/mifavorita.com.pa\/2017\/wp-content\/uploads\/2023\/12\/img_8157-1.jpg 1296w\" sizes=\"(max-width: 1024px) 100vw, 1024px\" \/><\/figure>\n\n\n\n<p>La jefa de protecci\u00f3n de alimentos tambi\u00e9n consider\u00f3 como inaudito que vendedores capacitados y con sus carnets de salud al d\u00eda, incumplan medidas, ya que, aunque existen vendedores nuevos que pueden incumplir por poca experiencia o desconocimiento,&nbsp;para ning\u00fan caso hay excusas, ya que el portar la vestimenta adecuada, procurar las cadenas de fr\u00edo y la limpieza, es base fundamental de toda preparaci\u00f3n de alimentos.&nbsp;<\/p>\n\n\n\n<p>A pesar de los operativos de vigilancia que realiza el MINSA, y las multas impuestas a diversos puestos, las personas insisten en regresar a vender y las personas a comprar. <\/p>\n\n\n\n<figure class=\"wp-block-image size-large\"><img decoding=\"async\" width=\"1024\" height=\"768\" src=\"https:\/\/mifavorita.com.pa\/2017\/wp-content\/uploads\/2023\/12\/img_8158-1-1024x768.jpg\" class=\"wp-image-10353\" srcset=\"https:\/\/mifavorita.com.pa\/2017\/wp-content\/uploads\/2023\/12\/img_8158-1-1024x768.jpg 1024w, https:\/\/mifavorita.com.pa\/2017\/wp-content\/uploads\/2023\/12\/img_8158-1-300x225.jpg 300w, https:\/\/mifavorita.com.pa\/2017\/wp-content\/uploads\/2023\/12\/img_8158-1-768x576.jpg 768w, https:\/\/mifavorita.com.pa\/2017\/wp-content\/uploads\/2023\/12\/img_8158-1.jpg 1156w\" sizes=\"(max-width: 1024px) 100vw, 1024px\" \/><\/figure>\n\n\n\n<p>Durante todo el mes de diciembre, familias enteras se han avocado a las calles de los distritos a disfrutar de actividades navide\u00f1as, por lo que es de suponer que consuman productos que est\u00e9n a su alcance, siendo la doctora Bullen enf\u00e1tica en que tambi\u00e9n es responsabilidad del consumidor evaluar d\u00f3nde y a qui\u00e9n va a comprarle.<\/p>\n","protected":false},"excerpt":{"rendered":"<p>DAMGELA DE LE\u00d3N Ser un inspector m\u00e1s es a lo que exhorta el Departamento&nbsp;de Protecci\u00f3n de Alimentos&nbsp;del Ministerio de Salud a todos los coclesanos, que durante estas fiestas de fin de a\u00f1o,&nbsp;estar\u00e1n consumiendo productos en las calles,&nbsp;los cuales&nbsp;no siempre sus preparadores y vendedores, cumplen&nbsp;con las medidas sanitarias y la responsabilidad de ofrecer alimentos en buen [&hellip;]<\/p>\n","protected":false},"author":2,"featured_media":10351,"comment_status":"closed","ping_status":"open","sticky":false,"template":"","format":"standard","meta":{"footnotes":""},"categories":[1],"tags":[],"class_list":["post-10354","post","type-post","status-publish","format-standard","has-post-thumbnail","hentry","category-noticias"],"_links":{"self":[{"href":"https:\/\/mifavorita.com.pa\/2017\/wp-json\/wp\/v2\/posts\/10354","targetHints":{"allow":["GET"]}}],"collection":[{"href":"https:\/\/mifavorita.com.pa\/2017\/wp-json\/wp\/v2\/posts"}],"about":[{"href":"https:\/\/mifavorita.com.pa\/2017\/wp-json\/wp\/v2\/types\/post"}],"author":[{"embeddable":true,"href":"https:\/\/mifavorita.com.pa\/2017\/wp-json\/wp\/v2\/users\/2"}],"replies":[{"embeddable":true,"href":"https:\/\/mifavorita.com.pa\/2017\/wp-json\/wp\/v2\/comments?post=10354"}],"version-history":[{"count":1,"href":"https:\/\/mifavorita.com.pa\/2017\/wp-json\/wp\/v2\/posts\/10354\/revisions"}],"predecessor-version":[{"id":10355,"href":"https:\/\/mifavorita.com.pa\/2017\/wp-json\/wp\/v2\/posts\/10354\/revisions\/10355"}],"wp:featuredmedia":[{"embeddable":true,"href":"https:\/\/mifavorita.com.pa\/2017\/wp-json\/wp\/v2\/media\/10351"}],"wp:attachment":[{"href":"https:\/\/mifavorita.com.pa\/2017\/wp-json\/wp\/v2\/media?parent=10354"}],"wp:term":[{"taxonomy":"category","embeddable":true,"href":"https:\/\/mifavorita.com.pa\/2017\/wp-json\/wp\/v2\/categories?post=10354"},{"taxonomy":"post_tag","embeddable":true,"href":"https:\/\/mifavorita.com.pa\/2017\/wp-json\/wp\/v2\/tags?post=10354"}],"curies":[{"name":"wp","href":"https:\/\/api.w.org\/{rel}","templated":true}]}}