{"id":10359,"date":"2023-12-20T00:21:15","date_gmt":"2023-12-20T00:21:15","guid":{"rendered":"https:\/\/mifavorita.com.pa\/2017\/?p=10359"},"modified":"2023-12-20T00:21:18","modified_gmt":"2023-12-20T00:21:18","slug":"familia-afectada-por-un-incendio-en-los-pilares-en-penonome-suplica-ayuda-a-la-poblacion-y-a-las-autoridades","status":"publish","type":"post","link":"https:\/\/mifavorita.com.pa\/2017\/familia-afectada-por-un-incendio-en-los-pilares-en-penonome-suplica-ayuda-a-la-poblacion-y-a-las-autoridades\/","title":{"rendered":"FAMILIA AFECTADA POR UN INCENDIO EN LOS PILARES EN PENONOM\u00c9 SUPLICA AYUDA A LA POBLACI\u00d3N Y A LAS AUTORIDADES"},"content":{"rendered":"\n<p>DAMGELA DE LE\u00d3N <\/p>\n\n\n\n<p>Ayuda urgente es lo que suplica el se\u00f1or Rolando Vargas y su familia para poder&nbsp;reponerse, ya que el&nbsp;pasado&nbsp;15 de agosto, un voraz incendio destruy\u00f3 su humilde hogar ubicado en&nbsp;la comunidad de&nbsp;Los Pilares de Toabr\u00e9, y hasta el momento, no ha recibido el apoyo suficiente&nbsp;ni orientaci\u00f3n&nbsp;por parte de las autoridades.<\/p>\n\n\n\n<p>\u00c9l junto a su esposa, viv\u00edan en una humilde vivienda de zinc con sus 3 hijas de 2,4 y 5 a\u00f1os de edad; afortunadamente salieron ilesos del incendio, sin embargo, lo perdieron todo.Gracias a la colaboraci\u00f3n de familiares, han encontrado refugio en un cuarto improvisado que les alquilaron, y vestido y alimentos de parte de vecinos y allegados. <\/p>\n\n\n\n<figure class=\"wp-block-image size-large\"><img fetchpriority=\"high\" decoding=\"async\" width=\"300\" height=\"225\" src=\"https:\/\/mifavorita.com.pa\/2017\/wp-content\/uploads\/2023\/12\/1d753ca3-1338-4a95-bafd-91299bc8e8a0-1-300x225.jpg\" class=\"wp-image-10357\" srcset=\"https:\/\/mifavorita.com.pa\/2017\/wp-content\/uploads\/2023\/12\/1d753ca3-1338-4a95-bafd-91299bc8e8a0-1-300x225.jpg 300w, https:\/\/mifavorita.com.pa\/2017\/wp-content\/uploads\/2023\/12\/1d753ca3-1338-4a95-bafd-91299bc8e8a0-1-768x576.jpg 768w, https:\/\/mifavorita.com.pa\/2017\/wp-content\/uploads\/2023\/12\/1d753ca3-1338-4a95-bafd-91299bc8e8a0-1.jpg 1024w\" sizes=\"(max-width: 300px) 100vw, 300px\" \/><\/figure>\n\n\n\n<p>Pese a ello, la preocupaci\u00f3n del se\u00f1or Rolando, es no haber obtenido respuestas por parte del Ministerio de Vivienda y Ordenamiento Territorial, que, aunque los visitaron el mismo d\u00eda del suceso, no les han brindado seguimiento directo ni orientaci\u00f3n para una soluci\u00f3n habitacional,&nbsp;y teme no poder tener nuevamente un techo, ya que tampoco le han dejado reconstruir su vivienda.&nbsp;<\/p>\n\n\n\n<p>De parte del MIVIOT, indicaron que el caso ya est\u00e1 en el despacho en la ciudad de Panam\u00e1, a la espera de la compra de los materiales, y solo falta la orden de entrega para ofrecer respuesta a la familia, sin embargo, no especificaron una posible fecha. <\/p>\n\n\n\n<figure class=\"wp-block-image size-large\"><img decoding=\"async\" width=\"300\" height=\"225\" src=\"https:\/\/mifavorita.com.pa\/2017\/wp-content\/uploads\/2023\/12\/7a964325-f7f9-4d5d-b718-47b5fde4b795-1-300x225.jpg\" class=\"wp-image-10358\" srcset=\"https:\/\/mifavorita.com.pa\/2017\/wp-content\/uploads\/2023\/12\/7a964325-f7f9-4d5d-b718-47b5fde4b795-1-300x225.jpg 300w, https:\/\/mifavorita.com.pa\/2017\/wp-content\/uploads\/2023\/12\/7a964325-f7f9-4d5d-b718-47b5fde4b795-1-768x576.jpg 768w, https:\/\/mifavorita.com.pa\/2017\/wp-content\/uploads\/2023\/12\/7a964325-f7f9-4d5d-b718-47b5fde4b795-1.jpg 1024w\" sizes=\"(max-width: 300px) 100vw, 300px\" \/><\/figure>\n\n\n\n<p>La comunidad de Los Pilares se&nbsp;encuentra ubicada v\u00eda a Las Mar\u00edas&nbsp;y cuenta con una carretera de&nbsp;f\u00e1cil acceso hasta&nbsp;la escuela, de all\u00ed&nbsp;se&nbsp;debe caminar&nbsp;por&nbsp;unos 15 minutos si el auto no es 4&#215;4, asunto que les&nbsp;ha&nbsp;dificultado&nbsp;tambi\u00e9n para poder llegar al centro de Penonom\u00e9 a realizar los tr\u00e1mites.<\/p>\n\n\n\n<p>Esta humilde familia pide a la poblaci\u00f3n de su apoyo para que, dentro de las posibilidades, se les haga llegar ayuda con alimentos, ropa, \u00fatiles de aseo y enseres, incluso algo de juguetes para sus peque\u00f1as que en esta navidad tristemente no podr\u00e1n recibirlos de sus padres, quienes trabajan en un huerto casero y venden sus productos para darles lo necesario para sobrevivir.<\/p>\n","protected":false},"excerpt":{"rendered":"<p>DAMGELA DE LE\u00d3N Ayuda urgente es lo que suplica el se\u00f1or Rolando Vargas y su familia para poder&nbsp;reponerse, ya que el&nbsp;pasado&nbsp;15 de agosto, un voraz incendio destruy\u00f3 su humilde hogar ubicado en&nbsp;la comunidad de&nbsp;Los Pilares de Toabr\u00e9, y hasta el momento, no ha recibido el apoyo suficiente&nbsp;ni orientaci\u00f3n&nbsp;por parte de las autoridades. \u00c9l junto a [&hellip;]<\/p>\n","protected":false},"author":2,"featured_media":10356,"comment_status":"closed","ping_status":"open","sticky":false,"template":"","format":"standard","meta":{"footnotes":""},"categories":[1],"tags":[],"class_list":["post-10359","post","type-post","status-publish","format-standard","has-post-thumbnail","hentry","category-noticias"],"_links":{"self":[{"href":"https:\/\/mifavorita.com.pa\/2017\/wp-json\/wp\/v2\/posts\/10359","targetHints":{"allow":["GET"]}}],"collection":[{"href":"https:\/\/mifavorita.com.pa\/2017\/wp-json\/wp\/v2\/posts"}],"about":[{"href":"https:\/\/mifavorita.com.pa\/2017\/wp-json\/wp\/v2\/types\/post"}],"author":[{"embeddable":true,"href":"https:\/\/mifavorita.com.pa\/2017\/wp-json\/wp\/v2\/users\/2"}],"replies":[{"embeddable":true,"href":"https:\/\/mifavorita.com.pa\/2017\/wp-json\/wp\/v2\/comments?post=10359"}],"version-history":[{"count":1,"href":"https:\/\/mifavorita.com.pa\/2017\/wp-json\/wp\/v2\/posts\/10359\/revisions"}],"predecessor-version":[{"id":10360,"href":"https:\/\/mifavorita.com.pa\/2017\/wp-json\/wp\/v2\/posts\/10359\/revisions\/10360"}],"wp:featuredmedia":[{"embeddable":true,"href":"https:\/\/mifavorita.com.pa\/2017\/wp-json\/wp\/v2\/media\/10356"}],"wp:attachment":[{"href":"https:\/\/mifavorita.com.pa\/2017\/wp-json\/wp\/v2\/media?parent=10359"}],"wp:term":[{"taxonomy":"category","embeddable":true,"href":"https:\/\/mifavorita.com.pa\/2017\/wp-json\/wp\/v2\/categories?post=10359"},{"taxonomy":"post_tag","embeddable":true,"href":"https:\/\/mifavorita.com.pa\/2017\/wp-json\/wp\/v2\/tags?post=10359"}],"curies":[{"name":"wp","href":"https:\/\/api.w.org\/{rel}","templated":true}]}}