{"id":10369,"date":"2023-12-21T22:23:43","date_gmt":"2023-12-21T22:23:43","guid":{"rendered":"https:\/\/mifavorita.com.pa\/2017\/?p=10369"},"modified":"2023-12-21T22:23:45","modified_gmt":"2023-12-21T22:23:45","slug":"intoxicaciones-alimentarias-no-deben-ser-parte-de-las-fiestas-navidenas-minsa-pide-a-la-poblacion-extremar-cuidados","status":"publish","type":"post","link":"https:\/\/mifavorita.com.pa\/2017\/intoxicaciones-alimentarias-no-deben-ser-parte-de-las-fiestas-navidenas-minsa-pide-a-la-poblacion-extremar-cuidados\/","title":{"rendered":"INTOXICACIONES ALIMENTARIAS NO DEBEN SER PARTE DE LAS FIESTAS NAVIDE\u00d1AS: MINSA PIDE A LA POBLACI\u00d3N EXTREMAR CUIDADOS"},"content":{"rendered":"\n<p>DAMGELA DE LE\u00d3N <\/p>\n\n\n\n<p>Mantener alimentos tapados y a buena temperatura, adem\u00e1s de prepararlos con un tiempo prudente antes de consumirlos, son parte de las recomendaciones que realiza el Ministerio de Salud para la cena de navidad y de a\u00f1o nuevo&nbsp;para evitar intoxicaciones alimentarias en la poblaci\u00f3n,&nbsp;ya que,&nbsp;por la cantidad y variedad de los mismos, su proceso de preparaci\u00f3n es escalonado.<\/p>\n\n\n\n<p>Sin embargo, seg\u00fan la doctora Magally Bullen, jefa del departamento de Control de Alimentos y Vigilancia Veterinaria, las personas en la familia que estar\u00e1n encargadas de la cocina, deben procurar no dejar carnes, especialmente el cerdo, preparado con muchas horas de anticipaci\u00f3n, incluso con ensaladas, evitando colocar aderezos como mayonesa s\u00f3lo hasta cuando se van a consumir. <\/p>\n\n\n\n<figure class=\"wp-block-image size-large\"><img fetchpriority=\"high\" decoding=\"async\" width=\"1024\" height=\"571\" src=\"https:\/\/mifavorita.com.pa\/2017\/wp-content\/uploads\/2023\/12\/img_8269-1-1024x571.jpg\" class=\"wp-image-10367\" srcset=\"https:\/\/mifavorita.com.pa\/2017\/wp-content\/uploads\/2023\/12\/img_8269-1-1024x571.jpg 1024w, https:\/\/mifavorita.com.pa\/2017\/wp-content\/uploads\/2023\/12\/img_8269-1-300x167.jpg 300w, https:\/\/mifavorita.com.pa\/2017\/wp-content\/uploads\/2023\/12\/img_8269-1-768x428.jpg 768w, https:\/\/mifavorita.com.pa\/2017\/wp-content\/uploads\/2023\/12\/img_8269-1.jpg 1170w\" sizes=\"(max-width: 1024px) 100vw, 1024px\" \/><\/figure>\n\n\n\n<p>Adem\u00e1s, la jefa del departamento inst\u00f3 a lavarse las manos, procurar toda la cocina limpia y utilizar vasijas y tapas adecuadas para almacenar la comida ya lista,&nbsp;sumado a la cocci\u00f3n dividida de grandes cantidades de alimentos, para as\u00ed asegurarse de que est\u00e9n a t\u00e9rmino completo.<\/p>\n\n\n\n<p>De igual forma, no es recomendable la ingesta de grandes cantidades de comida y mezclarlo con bebidas alcoh\u00f3licas, puesto que ser\u00e1 m\u00e1s dif\u00edcil digerirlas y por ende puede causar un mal rato en medio de las celebraciones.&nbsp;<\/p>\n\n\n\n<p>Los recalentados tambi\u00e9n se han vuelto una tradici\u00f3n, pese a ello, especialistas del MINSA se\u00f1alan que la comida debe ser almacenada en un congelador si se va a comer despu\u00e9s de las 24 horas.<\/p>\n","protected":false},"excerpt":{"rendered":"<p>DAMGELA DE LE\u00d3N Mantener alimentos tapados y a buena temperatura, adem\u00e1s de prepararlos con un tiempo prudente antes de consumirlos, son parte de las recomendaciones que realiza el Ministerio de Salud para la cena de navidad y de a\u00f1o nuevo&nbsp;para evitar intoxicaciones alimentarias en la poblaci\u00f3n,&nbsp;ya que,&nbsp;por la cantidad y variedad de los mismos, su [&hellip;]<\/p>\n","protected":false},"author":2,"featured_media":10368,"comment_status":"closed","ping_status":"open","sticky":false,"template":"","format":"standard","meta":{"footnotes":""},"categories":[1],"tags":[],"class_list":["post-10369","post","type-post","status-publish","format-standard","has-post-thumbnail","hentry","category-noticias"],"_links":{"self":[{"href":"https:\/\/mifavorita.com.pa\/2017\/wp-json\/wp\/v2\/posts\/10369","targetHints":{"allow":["GET"]}}],"collection":[{"href":"https:\/\/mifavorita.com.pa\/2017\/wp-json\/wp\/v2\/posts"}],"about":[{"href":"https:\/\/mifavorita.com.pa\/2017\/wp-json\/wp\/v2\/types\/post"}],"author":[{"embeddable":true,"href":"https:\/\/mifavorita.com.pa\/2017\/wp-json\/wp\/v2\/users\/2"}],"replies":[{"embeddable":true,"href":"https:\/\/mifavorita.com.pa\/2017\/wp-json\/wp\/v2\/comments?post=10369"}],"version-history":[{"count":1,"href":"https:\/\/mifavorita.com.pa\/2017\/wp-json\/wp\/v2\/posts\/10369\/revisions"}],"predecessor-version":[{"id":10370,"href":"https:\/\/mifavorita.com.pa\/2017\/wp-json\/wp\/v2\/posts\/10369\/revisions\/10370"}],"wp:featuredmedia":[{"embeddable":true,"href":"https:\/\/mifavorita.com.pa\/2017\/wp-json\/wp\/v2\/media\/10368"}],"wp:attachment":[{"href":"https:\/\/mifavorita.com.pa\/2017\/wp-json\/wp\/v2\/media?parent=10369"}],"wp:term":[{"taxonomy":"category","embeddable":true,"href":"https:\/\/mifavorita.com.pa\/2017\/wp-json\/wp\/v2\/categories?post=10369"},{"taxonomy":"post_tag","embeddable":true,"href":"https:\/\/mifavorita.com.pa\/2017\/wp-json\/wp\/v2\/tags?post=10369"}],"curies":[{"name":"wp","href":"https:\/\/api.w.org\/{rel}","templated":true}]}}