{"id":10373,"date":"2023-12-22T23:24:28","date_gmt":"2023-12-22T23:24:28","guid":{"rendered":"https:\/\/mifavorita.com.pa\/2017\/?p=10373"},"modified":"2023-12-22T23:24:30","modified_gmt":"2023-12-22T23:24:30","slug":"accidente-en-la-hincada-de-anton-deja-un-herido-grave-transito-reforzara-operativos-durante-navidad","status":"publish","type":"post","link":"https:\/\/mifavorita.com.pa\/2017\/accidente-en-la-hincada-de-anton-deja-un-herido-grave-transito-reforzara-operativos-durante-navidad\/","title":{"rendered":"ACCIDENTE EN LA HINCADA DE ANT\u00d3N DEJA UN HERIDO GRAVE. TR\u00c1NSITO REFORZAR\u00c1 OPERATIVOS DURANTE NAVIDAD"},"content":{"rendered":"\n<p>DAMGELA DE LE\u00d3N <\/p>\n\n\n\n<p>Un hombre result\u00f3 gravemente herido producto de un hecho de tr\u00e1nsito en la v\u00eda que conduce a la comunidad de La Hincada en Ant\u00f3n a tempranas horas de este viernes 22 de diciembre. Todo ocurri\u00f3 cuando el joven quien se trasladaba en una bicicleta fue impactado por un conductor a bordo de un auto tipo pick up color rojo, quedando tendido sobre el pavimento.<\/p>\n\n\n\n<p>El herido fue trasladado a los pocos minutos de recibir atenci\u00f3n en el sitio por unidades de emergencia del Cuerpo de Bomberos y del SUME 911, hacia el Hospital Aquilino Tejeira de Penonom\u00e9.<\/p>\n\n\n\n<figure class=\"wp-block-image size-large\"><img fetchpriority=\"high\" decoding=\"async\" width=\"896\" height=\"1024\" src=\"https:\/\/mifavorita.com.pa\/2017\/wp-content\/uploads\/2023\/12\/9bbcfe7e-4348-4e00-a1dc-8f77cab47888-1-896x1024.jpg\" class=\"wp-image-10372\" srcset=\"https:\/\/mifavorita.com.pa\/2017\/wp-content\/uploads\/2023\/12\/9bbcfe7e-4348-4e00-a1dc-8f77cab47888-1-896x1024.jpg 896w, https:\/\/mifavorita.com.pa\/2017\/wp-content\/uploads\/2023\/12\/9bbcfe7e-4348-4e00-a1dc-8f77cab47888-1-262x300.jpg 262w, https:\/\/mifavorita.com.pa\/2017\/wp-content\/uploads\/2023\/12\/9bbcfe7e-4348-4e00-a1dc-8f77cab47888-1-768x878.jpg 768w, https:\/\/mifavorita.com.pa\/2017\/wp-content\/uploads\/2023\/12\/9bbcfe7e-4348-4e00-a1dc-8f77cab47888-1.jpg 900w\" sizes=\"(max-width: 896px) 100vw, 896px\" \/><\/figure>\n\n\n\n<p>Guillermo Guzm\u00e1n, jefe de la subdirecci\u00f3n de operaciones de tr\u00e1nsito en Cocl\u00e9, dijo que una vez en este hospital,&nbsp;los m\u00e9dicos determinaron que, por la gravedad de sus heridas internas y un aparente trauma craneoencef\u00e1lico, deb\u00eda ser enviado al Hospital Rafael Est\u00e9vez para una intervenci\u00f3n especializada.&nbsp;<\/p>\n\n\n\n<p>El jefe de tr\u00e1nsito tambi\u00e9n se\u00f1al\u00f3 que durante todo el mes de diciembre se ha reforzado la vigilancia dentro de los poblados y a lo largo de la v\u00eda panamericana, pero que en especial durante este fin de semana de festividades navide\u00f1as.<\/p>\n\n\n\n<p>En lo que va del mes de diciembre, no se reportan v\u00edctimas fatales por accidentes de tr\u00e1nsito en la provincia de Cocl\u00e9, pese a los m\u00faltiples accidentes que se han registrado, por lo que se le pide a la ciudadan\u00eda tener prudencia durante estos d\u00edas.<\/p>\n","protected":false},"excerpt":{"rendered":"<p>DAMGELA DE LE\u00d3N Un hombre result\u00f3 gravemente herido producto de un hecho de tr\u00e1nsito en la v\u00eda que conduce a la comunidad de La Hincada en Ant\u00f3n a tempranas horas de este viernes 22 de diciembre. Todo ocurri\u00f3 cuando el joven quien se trasladaba en una bicicleta fue impactado por un conductor a bordo de [&hellip;]<\/p>\n","protected":false},"author":2,"featured_media":10371,"comment_status":"closed","ping_status":"open","sticky":false,"template":"","format":"standard","meta":{"footnotes":""},"categories":[1],"tags":[],"class_list":["post-10373","post","type-post","status-publish","format-standard","has-post-thumbnail","hentry","category-noticias"],"_links":{"self":[{"href":"https:\/\/mifavorita.com.pa\/2017\/wp-json\/wp\/v2\/posts\/10373","targetHints":{"allow":["GET"]}}],"collection":[{"href":"https:\/\/mifavorita.com.pa\/2017\/wp-json\/wp\/v2\/posts"}],"about":[{"href":"https:\/\/mifavorita.com.pa\/2017\/wp-json\/wp\/v2\/types\/post"}],"author":[{"embeddable":true,"href":"https:\/\/mifavorita.com.pa\/2017\/wp-json\/wp\/v2\/users\/2"}],"replies":[{"embeddable":true,"href":"https:\/\/mifavorita.com.pa\/2017\/wp-json\/wp\/v2\/comments?post=10373"}],"version-history":[{"count":1,"href":"https:\/\/mifavorita.com.pa\/2017\/wp-json\/wp\/v2\/posts\/10373\/revisions"}],"predecessor-version":[{"id":10374,"href":"https:\/\/mifavorita.com.pa\/2017\/wp-json\/wp\/v2\/posts\/10373\/revisions\/10374"}],"wp:featuredmedia":[{"embeddable":true,"href":"https:\/\/mifavorita.com.pa\/2017\/wp-json\/wp\/v2\/media\/10371"}],"wp:attachment":[{"href":"https:\/\/mifavorita.com.pa\/2017\/wp-json\/wp\/v2\/media?parent=10373"}],"wp:term":[{"taxonomy":"category","embeddable":true,"href":"https:\/\/mifavorita.com.pa\/2017\/wp-json\/wp\/v2\/categories?post=10373"},{"taxonomy":"post_tag","embeddable":true,"href":"https:\/\/mifavorita.com.pa\/2017\/wp-json\/wp\/v2\/tags?post=10373"}],"curies":[{"name":"wp","href":"https:\/\/api.w.org\/{rel}","templated":true}]}}