{"id":10377,"date":"2023-12-23T10:20:39","date_gmt":"2023-12-23T10:20:39","guid":{"rendered":"https:\/\/mifavorita.com.pa\/2017\/?p=10377"},"modified":"2023-12-23T10:20:41","modified_gmt":"2023-12-23T10:20:41","slug":"mas-de-300-policias-custodiaran-la-provincia-de-cocle-en-operativos-de-navidad","status":"publish","type":"post","link":"https:\/\/mifavorita.com.pa\/2017\/mas-de-300-policias-custodiaran-la-provincia-de-cocle-en-operativos-de-navidad\/","title":{"rendered":"M\u00c1S DE 300 POLIC\u00cdAS CUSTODIAR\u00c1N LA PROVINCIA DE COCL\u00c9 EN OPERATIVOS DE NAVIDAD"},"content":{"rendered":"\n<p>EDILSA GONZ\u00c1LEZ ROCA<\/p>\n\n\n\n<p>Al menos 350 polic\u00edas entre unidades de la regular, DIJ, DIP, Ni\u00f1ez y Adolescencia y Seguridad Ciudadana entre otros estar\u00e1n empe\u00f1ados en el operativo de Seguridad de Navidad en la provincia de Cocl\u00e9, estos con el objetivo de minimizar los hechos delictivos accidentes de tr\u00e1nsito.<\/p>\n\n\n\n<p>C\u00e9sar Augusto Herrera, jefe de la Segunda Zona Policial de Cocl\u00e9, detall\u00f3 que el operativo de Navidad dar\u00e1 cobertura a todas las \u00e1reas no solo las de mayor movimiento comercial sino tambi\u00e9n residenciales, rurales, tur\u00edsticas y balnearios en r\u00edos, playas y carreteras.<\/p>\n\n\n\n<p>Hizo el llamado a la poblaci\u00f3n a seguir las recomendaciones para evitar ser v\u00edctimas de estafadores que utilizan distintas modalidades, estar pendiente de los sitios que visitan, donde estacionan sus veh\u00edculos, de los ni\u00f1os en actos o eventos navide\u00f1os, lo mismos que temas de seguridad para no ser presa de hurtos o robos.<\/p>\n\n\n\n<p>Recomend\u00f3 no dejar art\u00edculos o dineros dentro de los autos, estar atentos a quien est\u00e1 en los alrededores cuando se haga transacciones bancarias, atentos a veh\u00edculos cerca o sigui\u00e9ndoles y dar aviso oportuno a la polic\u00eda o guiar sus autos hacia sitios p\u00fablicos donde exista seguridad.<\/p>\n\n\n\n<figure class=\"wp-block-image size-large\"><img fetchpriority=\"high\" decoding=\"async\" width=\"768\" height=\"1024\" src=\"https:\/\/mifavorita.com.pa\/2017\/wp-content\/uploads\/2023\/12\/img_1973-768x1024.jpg\" class=\"wp-image-10376\" srcset=\"https:\/\/mifavorita.com.pa\/2017\/wp-content\/uploads\/2023\/12\/img_1973-768x1024.jpg 768w, https:\/\/mifavorita.com.pa\/2017\/wp-content\/uploads\/2023\/12\/img_1973-225x300.jpg 225w, https:\/\/mifavorita.com.pa\/2017\/wp-content\/uploads\/2023\/12\/img_1973-1152x1536.jpg 1152w, https:\/\/mifavorita.com.pa\/2017\/wp-content\/uploads\/2023\/12\/img_1973-1200x1600.jpg 1200w, https:\/\/mifavorita.com.pa\/2017\/wp-content\/uploads\/2023\/12\/img_1973.jpg 1500w\" sizes=\"(max-width: 768px) 100vw, 768px\" \/><\/figure>\n\n\n\n<p>Indic\u00f3 adem\u00e1s que han estado realizando operativos en conjunto con el Ministerio P\u00fablico en donde se han realizado allanamientos y se ha logrado entre otros la captura de personas, recate que otras que estaban siendo v\u00edctimas de tr\u00e1fico de personas, adem\u00e1s se han decomisado drogas en un reciente operativo en Capellan\u00eda donde adem\u00e1s se aprehendi\u00f3 a un sujeto presuntamente vinculado al caso.<\/p>\n\n\n\n<p>Herrera indic\u00f3 que de igual forma mantendr\u00e1n constante coordinaci\u00f3n a trav\u00e9s de los programas de seguridad ciudadana tanto con los bancos y comercios, como con los transportistas y vecinos vigilantes para tratar de dar respuesta inmediata si se registra alguna situaci\u00f3n delictiva.<\/p>\n\n\n\n<p>Los llamados a la Polic\u00eda Nacional en la provincia de Cocl\u00e9 pueden hacerse a trav\u00e9s del 104 o directo en sala de guardia a los tel\u00e9fonos 906-0669 o al 906-0278.<\/p>\n","protected":false},"excerpt":{"rendered":"<p>EDILSA GONZ\u00c1LEZ ROCA Al menos 350 polic\u00edas entre unidades de la regular, DIJ, DIP, Ni\u00f1ez y Adolescencia y Seguridad Ciudadana entre otros estar\u00e1n empe\u00f1ados en el operativo de Seguridad de Navidad en la provincia de Cocl\u00e9, estos con el objetivo de minimizar los hechos delictivos accidentes de tr\u00e1nsito. C\u00e9sar Augusto Herrera, jefe de la Segunda [&hellip;]<\/p>\n","protected":false},"author":2,"featured_media":10375,"comment_status":"closed","ping_status":"open","sticky":false,"template":"","format":"standard","meta":{"footnotes":""},"categories":[1],"tags":[],"class_list":["post-10377","post","type-post","status-publish","format-standard","has-post-thumbnail","hentry","category-noticias"],"_links":{"self":[{"href":"https:\/\/mifavorita.com.pa\/2017\/wp-json\/wp\/v2\/posts\/10377","targetHints":{"allow":["GET"]}}],"collection":[{"href":"https:\/\/mifavorita.com.pa\/2017\/wp-json\/wp\/v2\/posts"}],"about":[{"href":"https:\/\/mifavorita.com.pa\/2017\/wp-json\/wp\/v2\/types\/post"}],"author":[{"embeddable":true,"href":"https:\/\/mifavorita.com.pa\/2017\/wp-json\/wp\/v2\/users\/2"}],"replies":[{"embeddable":true,"href":"https:\/\/mifavorita.com.pa\/2017\/wp-json\/wp\/v2\/comments?post=10377"}],"version-history":[{"count":1,"href":"https:\/\/mifavorita.com.pa\/2017\/wp-json\/wp\/v2\/posts\/10377\/revisions"}],"predecessor-version":[{"id":10378,"href":"https:\/\/mifavorita.com.pa\/2017\/wp-json\/wp\/v2\/posts\/10377\/revisions\/10378"}],"wp:featuredmedia":[{"embeddable":true,"href":"https:\/\/mifavorita.com.pa\/2017\/wp-json\/wp\/v2\/media\/10375"}],"wp:attachment":[{"href":"https:\/\/mifavorita.com.pa\/2017\/wp-json\/wp\/v2\/media?parent=10377"}],"wp:term":[{"taxonomy":"category","embeddable":true,"href":"https:\/\/mifavorita.com.pa\/2017\/wp-json\/wp\/v2\/categories?post=10377"},{"taxonomy":"post_tag","embeddable":true,"href":"https:\/\/mifavorita.com.pa\/2017\/wp-json\/wp\/v2\/tags?post=10377"}],"curies":[{"name":"wp","href":"https:\/\/api.w.org\/{rel}","templated":true}]}}