{"id":1064,"date":"2017-11-25T17:39:00","date_gmt":"2017-11-25T17:39:00","guid":{"rendered":"http:\/\/mifavorita.com.pa\/2017\/?p=1064"},"modified":"2017-11-25T17:39:00","modified_gmt":"2017-11-25T17:39:00","slug":"muchachas-guias-creman-banderas","status":"publish","type":"post","link":"https:\/\/mifavorita.com.pa\/2017\/muchachas-guias-creman-banderas\/","title":{"rendered":"Muchachas Gu\u00edas creman banderas"},"content":{"rendered":"<div id=\"m569\" class=\"mail-message expanded\">\n<div class=\"mail-message-content collapsible zoom-normal mail-show-images\">\n<div dir=\"ltr\">\n<p class=\"gmail-MsoNormal\">\n<p class=\"gmail-MsoNormal\"><span lang=\"ES\">EDILSA GONZALEZ ROCA<\/span><\/p>\n<p class=\"gmail-MsoNormal\"><span lang=\"ES\">COCL\u00c9.<\/span><\/p>\n<p class=\"gmail-MsoNormal\"><span lang=\"ES\">En un acto en que pr\u00e1cticamente se ponen fin a las actividades del mes de la patria en la provincia de Cocl\u00e9, la Asociaci\u00f3n de Muchachas Gu\u00edas de Panam\u00e1, realiz\u00f3 un acto de cremaci\u00f3n de banderas frente al Municipio de Penonom\u00e9.<\/span><\/p>\n<p><img fetchpriority=\"high\" decoding=\"async\" class=\"alignnone size-medium wp-image-1066\" src=\"http:\/\/mifavorita.com.pa\/2017\/wp-content\/uploads\/2017\/11\/20171125_090255-169x300.jpg\" alt=\"\" width=\"169\" height=\"300\" srcset=\"https:\/\/mifavorita.com.pa\/2017\/wp-content\/uploads\/2017\/11\/20171125_090255-169x300.jpg 169w, https:\/\/mifavorita.com.pa\/2017\/wp-content\/uploads\/2017\/11\/20171125_090255-768x1365.jpg 768w, https:\/\/mifavorita.com.pa\/2017\/wp-content\/uploads\/2017\/11\/20171125_090255-576x1024.jpg 576w, https:\/\/mifavorita.com.pa\/2017\/wp-content\/uploads\/2017\/11\/20171125_090255.jpg 1991w\" sizes=\"(max-width: 169px) 100vw, 169px\" \/><\/p>\n<p class=\"gmail-MsoNormal\"><span lang=\"ES\">Seg\u00fan explic\u00f3 Alma Alzamora, presidente de la Asociaci\u00f3n de\u00a0\u00a0Muchachas Gu\u00edas, cap\u00edtulo de Cocl\u00e9, por tradici\u00f3n son las Muchachas Gu\u00edas las encargadas de rendirle algunos tributos a la bandera, y aunque en el caso de la cremaci\u00f3n la norma dice que cualquier organizaci\u00f3n o instituci\u00f3n lo puede hacer, decidieron realizar este acto en honor a la ense\u00f1a patria.<\/span><\/p>\n<p class=\"gmail-MsoNormal\"><span lang=\"ES\">Indic\u00f3 que ellas est\u00e1n para capacitar sobre la solemnidad del acto y los requisitos que se deben cumplir al momento de hacerlo, pues fue de sus filas que sali\u00f3 la idea de qu\u00e9 hacer con las banderas que se deterioraban y ya no se pod\u00edan utilizar, por eso deben ser cremadas y sus cenizas enterradas en un lugar digno.<\/span><\/p>\n<p class=\"gmail-MsoNormal\"><span lang=\"ES\">En el acto al que asistieron la gobernadora de Cocl\u00e9, Sugeidy Flores, el Alcalde Agust\u00edn M\u00e9ndez, miembros de los Scouts y clubes c\u00edvicos, adem\u00e1s de miembros de la comunidad, se cremaron 15 banderas, tal y como lo dice la norma, que no deben ser m\u00e1s de 15 banderas por acto.<\/span><\/p>\n<p><img decoding=\"async\" class=\"alignnone size-medium wp-image-1067\" src=\"http:\/\/mifavorita.com.pa\/2017\/wp-content\/uploads\/2017\/11\/20171125_085822-169x300.jpg\" alt=\"\" width=\"169\" height=\"300\" srcset=\"https:\/\/mifavorita.com.pa\/2017\/wp-content\/uploads\/2017\/11\/20171125_085822-169x300.jpg 169w, https:\/\/mifavorita.com.pa\/2017\/wp-content\/uploads\/2017\/11\/20171125_085822-768x1365.jpg 768w, https:\/\/mifavorita.com.pa\/2017\/wp-content\/uploads\/2017\/11\/20171125_085822-576x1024.jpg 576w\" sizes=\"(max-width: 169px) 100vw, 169px\" \/><\/p>\n<p class=\"gmail-MsoNormal\"><span lang=\"ES\">Sugeidy Flores, gobernadora de la provincia, manifest\u00f3 que con este acto se ponen fin a las celebraciones del mes de la patria en la provincia de Cocl\u00e9, y sobre todo con un acto tan importante como este que recuerda a los ciudadanos que cuando se tienen banderas en desuso o deterioradas deben tener un acto en donde se le d\u00e9 su culminaci\u00f3n solemne como lo es la cremaci\u00f3n.<\/span><\/p>\n<p class=\"gmail-MsoNormal\"><span lang=\"ES\">Por su parte el alcalde, de Penonom\u00e9, Agust\u00edn M\u00e9ndez, agradeci\u00f3 a las Muchachas Gu\u00edas, la celebraci\u00f3n de este acto de gran val\u00eda y aporte a la naci\u00f3n en donde se reconocen los valores de la patria y de respeto a los s\u00edmbolos patrios.<\/span><\/p>\n<p class=\"gmail-MsoNormal\"><span lang=\"ES\">Las autoridades y la presidente de las Muchachas Gu\u00edas recordaron a los paname\u00f1os que toda bandera en desuso debe ser debidamente retirada y guardada o entregada a la gobernaci\u00f3n de cada provincia para que sean custodiadas y posteriormente cremadas en un acto espacial que no estrictamente debe ser en el mes de noviembre.<\/span><\/p>\n<\/div>\n<\/div>\n<div class=\"mail-message-footer spacer collapsible\"><\/div>\n<\/div>\n","protected":false},"excerpt":{"rendered":"<p>EDILSA GONZALEZ ROCA COCL\u00c9. En un acto en que pr\u00e1cticamente se ponen fin a las actividades del mes de la patria en la provincia de Cocl\u00e9, la Asociaci\u00f3n de Muchachas Gu\u00edas de Panam\u00e1, realiz\u00f3 un acto de cremaci\u00f3n de banderas frente al Municipio de Penonom\u00e9. Seg\u00fan explic\u00f3 Alma Alzamora, presidente de la Asociaci\u00f3n de\u00a0\u00a0Muchachas Gu\u00edas, [&hellip;]<\/p>\n","protected":false},"author":3,"featured_media":1065,"comment_status":"closed","ping_status":"open","sticky":false,"template":"","format":"standard","meta":{"footnotes":""},"categories":[1],"tags":[],"class_list":["post-1064","post","type-post","status-publish","format-standard","has-post-thumbnail","hentry","category-noticias"],"_links":{"self":[{"href":"https:\/\/mifavorita.com.pa\/2017\/wp-json\/wp\/v2\/posts\/1064","targetHints":{"allow":["GET"]}}],"collection":[{"href":"https:\/\/mifavorita.com.pa\/2017\/wp-json\/wp\/v2\/posts"}],"about":[{"href":"https:\/\/mifavorita.com.pa\/2017\/wp-json\/wp\/v2\/types\/post"}],"author":[{"embeddable":true,"href":"https:\/\/mifavorita.com.pa\/2017\/wp-json\/wp\/v2\/users\/3"}],"replies":[{"embeddable":true,"href":"https:\/\/mifavorita.com.pa\/2017\/wp-json\/wp\/v2\/comments?post=1064"}],"version-history":[{"count":1,"href":"https:\/\/mifavorita.com.pa\/2017\/wp-json\/wp\/v2\/posts\/1064\/revisions"}],"predecessor-version":[{"id":1068,"href":"https:\/\/mifavorita.com.pa\/2017\/wp-json\/wp\/v2\/posts\/1064\/revisions\/1068"}],"wp:featuredmedia":[{"embeddable":true,"href":"https:\/\/mifavorita.com.pa\/2017\/wp-json\/wp\/v2\/media\/1065"}],"wp:attachment":[{"href":"https:\/\/mifavorita.com.pa\/2017\/wp-json\/wp\/v2\/media?parent=1064"}],"wp:term":[{"taxonomy":"category","embeddable":true,"href":"https:\/\/mifavorita.com.pa\/2017\/wp-json\/wp\/v2\/categories?post=1064"},{"taxonomy":"post_tag","embeddable":true,"href":"https:\/\/mifavorita.com.pa\/2017\/wp-json\/wp\/v2\/tags?post=1064"}],"curies":[{"name":"wp","href":"https:\/\/api.w.org\/{rel}","templated":true}]}}