{"id":1070,"date":"2017-11-27T21:39:03","date_gmt":"2017-11-27T21:39:03","guid":{"rendered":"http:\/\/mifavorita.com.pa\/2017\/?p=1070"},"modified":"2017-11-27T21:39:03","modified_gmt":"2017-11-27T21:39:03","slug":"emotiva-despedida-de-su-alma-mater","status":"publish","type":"post","link":"https:\/\/mifavorita.com.pa\/2017\/emotiva-despedida-de-su-alma-mater\/","title":{"rendered":"Emotiva despedida de su alma mater"},"content":{"rendered":"<div id=\"m584\" class=\"mail-message expanded\">\n<div class=\"mail-message-content collapsible zoom-normal mail-show-images\">\n<div dir=\"ltr\">\n<p class=\"gmail-MsoNormal\">\n<p class=\"gmail-MsoNormal\">EDILSA GONZALEZ ROCA<\/p>\n<p class=\"gmail-MsoNormal\">COCL\u00c9<\/p>\n<p class=\"gmail-MsoNormal\">Con una emotiva despedida los cerca de 500 estudiantes graduandos del Colegio \u00c1ngel Mar\u00eda Herrera dijeron adi\u00f3s a la escuela que por los \u00faltimos a\u00f1os acogi\u00f3 sus inquietudes, sue\u00f1os, alegr\u00edas, tristezas y complicidades.<\/p>\n<p class=\"gmail-MsoNormal\">En un evento que por primera vez en 75 a\u00f1os se hace, \u201cla Promo Rebelde\u201d como ellos mismos se calificaron, le dijo adi\u00f3s al colegio, a sus profesores y a sus compa\u00f1eros, pues aunque todav\u00eda tienen pendiente el baile de despedida y el acto de graduaci\u00f3n, est\u00e1 ser\u00eda la \u00faltima vez que se encontrar\u00edan todos juntos en el colegio.<\/p>\n<p><img fetchpriority=\"high\" decoding=\"async\" class=\"size-medium wp-image-1072\" src=\"http:\/\/mifavorita.com.pa\/2017\/wp-content\/uploads\/2017\/11\/IMG_20171127_130923-225x300.jpg\" alt=\"\" width=\"225\" height=\"300\" srcset=\"https:\/\/mifavorita.com.pa\/2017\/wp-content\/uploads\/2017\/11\/IMG_20171127_130923-225x300.jpg 225w, https:\/\/mifavorita.com.pa\/2017\/wp-content\/uploads\/2017\/11\/IMG_20171127_130923-768x1024.jpg 768w\" sizes=\"(max-width: 225px) 100vw, 225px\" \/><\/p>\n<p class=\"gmail-MsoNormal\">Estudiantes de los tres bachilleratos, Humanidades, Ciencias y Comercio disfrutaron de un ameno rato juntos en los que compartieron un v\u00eddeo de sus mejores momentos juntos, y todas las actividades que realizaron durante el a\u00f1o, cataron No me Voy, disfrutaron de la presentaci\u00f3n del GRUPO COM ganadores de Talen Pro, y al final echaron a volar cientos de globos en los que representaron sus sue\u00f1os.<\/p>\n<p><img decoding=\"async\" class=\"size-medium wp-image-1073\" src=\"http:\/\/mifavorita.com.pa\/2017\/wp-content\/uploads\/2017\/11\/IMG_20171127_131347-225x300.jpg\" alt=\"\" width=\"225\" height=\"300\" srcset=\"https:\/\/mifavorita.com.pa\/2017\/wp-content\/uploads\/2017\/11\/IMG_20171127_131347-225x300.jpg 225w, https:\/\/mifavorita.com.pa\/2017\/wp-content\/uploads\/2017\/11\/IMG_20171127_131347-768x1024.jpg 768w\" sizes=\"(max-width: 225px) 100vw, 225px\" \/><\/p>\n<p class=\"gmail-MsoNormal\">Hilary Herrera, presidenta del Grupo de Graduandos, dijo que la de hacer esta actividad era como lo ha hecho en sus actividades es innovar, marcar la diferencia e implementar algo nuevo que ojal\u00e1 las futuras generaciones lo sigan implementando cada a\u00f1o.<\/p>\n<p class=\"gmail-MsoNormal\">La directora del plantel educativo, Lesbia Liao, los felicit\u00f3 por la iniciativa y les inst\u00f3 a no abandonar nunca sus sue\u00f1os, a seguir adelante y aprovechar todas las oportunidades que a partir de ahora tendr\u00e1n en esta nueva etapa de sus vidas.<\/p>\n<p><img decoding=\"async\" class=\"size-medium wp-image-1074\" src=\"http:\/\/mifavorita.com.pa\/2017\/wp-content\/uploads\/2017\/11\/IMG_20171127_125437-300x225.jpg\" alt=\"\" width=\"300\" height=\"225\" srcset=\"https:\/\/mifavorita.com.pa\/2017\/wp-content\/uploads\/2017\/11\/IMG_20171127_125437-300x225.jpg 300w, https:\/\/mifavorita.com.pa\/2017\/wp-content\/uploads\/2017\/11\/IMG_20171127_125437-768x576.jpg 768w, https:\/\/mifavorita.com.pa\/2017\/wp-content\/uploads\/2017\/11\/IMG_20171127_125437-1024x768.jpg 1024w\" sizes=\"(max-width: 300px) 100vw, 300px\" \/><\/p>\n<p class=\"gmail-MsoNormal\">Aniceto Barrios, profesor asesor, dijo que aunque a veces suelen ser los malos de la pel\u00edcula por ponerles frenos a muchas de sus invenciones, ideas y actividades, el trabajo es ese y la idea es guiarlos por el mejor camino para que hagan el trabajo lo mejor que se puedan como este grupo lo demostr\u00f3 en este a\u00f1o.<\/p>\n<p class=\"gmail-MsoNormal\">Entre risas, l\u00e1grimas, abrazos, chistes, gritos, camisas rayadas y muchos recuerdos esta nueva generaci\u00f3n de estudiantes dej\u00f3 una enorme huella, pues adem\u00e1s de ser la promoci\u00f3n de los 75 a\u00f1os, tambi\u00e9n impusieron nuevos retos tantos a docentes como administrativos y a los futuros graduandos del colegio.<\/p>\n<\/div>\n<\/div>\n<div class=\"mail-message-footer spacer collapsible\"><\/div>\n<\/div>\n","protected":false},"excerpt":{"rendered":"<p>EDILSA GONZALEZ ROCA COCL\u00c9 Con una emotiva despedida los cerca de 500 estudiantes graduandos del Colegio \u00c1ngel Mar\u00eda Herrera dijeron adi\u00f3s a la escuela que por los \u00faltimos a\u00f1os acogi\u00f3 sus inquietudes, sue\u00f1os, alegr\u00edas, tristezas y complicidades. En un evento que por primera vez en 75 a\u00f1os se hace, \u201cla Promo Rebelde\u201d como ellos mismos [&hellip;]<\/p>\n","protected":false},"author":3,"featured_media":1071,"comment_status":"closed","ping_status":"open","sticky":false,"template":"","format":"standard","meta":{"footnotes":""},"categories":[1],"tags":[],"class_list":["post-1070","post","type-post","status-publish","format-standard","has-post-thumbnail","hentry","category-noticias"],"_links":{"self":[{"href":"https:\/\/mifavorita.com.pa\/2017\/wp-json\/wp\/v2\/posts\/1070","targetHints":{"allow":["GET"]}}],"collection":[{"href":"https:\/\/mifavorita.com.pa\/2017\/wp-json\/wp\/v2\/posts"}],"about":[{"href":"https:\/\/mifavorita.com.pa\/2017\/wp-json\/wp\/v2\/types\/post"}],"author":[{"embeddable":true,"href":"https:\/\/mifavorita.com.pa\/2017\/wp-json\/wp\/v2\/users\/3"}],"replies":[{"embeddable":true,"href":"https:\/\/mifavorita.com.pa\/2017\/wp-json\/wp\/v2\/comments?post=1070"}],"version-history":[{"count":1,"href":"https:\/\/mifavorita.com.pa\/2017\/wp-json\/wp\/v2\/posts\/1070\/revisions"}],"predecessor-version":[{"id":1075,"href":"https:\/\/mifavorita.com.pa\/2017\/wp-json\/wp\/v2\/posts\/1070\/revisions\/1075"}],"wp:featuredmedia":[{"embeddable":true,"href":"https:\/\/mifavorita.com.pa\/2017\/wp-json\/wp\/v2\/media\/1071"}],"wp:attachment":[{"href":"https:\/\/mifavorita.com.pa\/2017\/wp-json\/wp\/v2\/media?parent=1070"}],"wp:term":[{"taxonomy":"category","embeddable":true,"href":"https:\/\/mifavorita.com.pa\/2017\/wp-json\/wp\/v2\/categories?post=1070"},{"taxonomy":"post_tag","embeddable":true,"href":"https:\/\/mifavorita.com.pa\/2017\/wp-json\/wp\/v2\/tags?post=1070"}],"curies":[{"name":"wp","href":"https:\/\/api.w.org\/{rel}","templated":true}]}}