{"id":1076,"date":"2017-11-28T02:37:28","date_gmt":"2017-11-28T02:37:28","guid":{"rendered":"http:\/\/mifavorita.com.pa\/2017\/?p=1076"},"modified":"2017-11-28T02:37:28","modified_gmt":"2017-11-28T02:37:28","slug":"ordenan-conduccion-para-exgobernador-de-cocle","status":"publish","type":"post","link":"https:\/\/mifavorita.com.pa\/2017\/ordenan-conduccion-para-exgobernador-de-cocle\/","title":{"rendered":"Ordenan conducci\u00f3n para exgobernador de Cocl\u00e9"},"content":{"rendered":"<div id=\"m583\" class=\"mail-message expanded\">\n<div class=\"mail-message-content collapsible zoom-normal mail-show-images\">\n<div dir=\"ltr\">\n<p>&nbsp;<\/p>\n<p><span style=\"font-size: small;\">\u00a0E<\/span><span style=\"font-size: small;\">DILSA GONZALEZ<\/span><\/p>\n<p><span style=\"font-size: small;\">COCL\u00c9.<\/span><\/p>\n<p><span style=\"font-size: small;\">\u00a0<\/span><\/p>\n<p><span style=\"font-size: small;\">Las juezas de Juicio de la provincia de Cocl\u00e9 ordenaron la conducci\u00f3n de Richard Fifer exgobernador de la provincia de Cocl\u00e9, acusado por el delito de retenci\u00f3n indebida de cuotas en perjuicio de la Caja del Seguro Social, en la audiencia de juicio programada para el d\u00eda de hoy, 27 de noviembre.<\/span><\/p>\n<p><span style=\"font-size: small;\">\u00a0<\/span><\/p>\n<p><span style=\"font-size: small;\">Adem\u00e1s de ordenar la conducci\u00f3n del imputado, el Tribunal orden\u00f3 que se designara un defensor p\u00fablico, para que atienda el proceso, siempre y cuando el abogado defensor privado no asista a la fecha de audiencia asignada, esto debido a que la audiencia de este 27 no se realiz\u00f3 por ausencia del defensor que present\u00f3 un certificado m\u00e9dico.<\/span><\/p>\n<p><span style=\"font-size: small;\">\u00a0<\/span><\/p>\n<p><span style=\"font-size: small;\">Ante este nuevo hecho se fij\u00f3 como nueva fecha de audiencia de juicio, el 2 de abril de 2018 a las 9:00 de la ma\u00f1ana.<\/span><\/p>\n<p><span style=\"font-size: small;\">\u00a0<\/span><\/p>\n<p><span style=\"font-size: small;\">Aurelio Oliver V\u00e1squez, fiscal anticorrupci\u00f3n solicit\u00f3 al Tribunal que se ordenara la conducci\u00f3n del acusado, con la finalidad de garantizar la presencia del exgobernador a la audiencia, adem\u00e1s solicit\u00f3 que se asignara un defensor p\u00fablico, para evitar la dilaci\u00f3n del proceso, solicitudes que le fueron concedidas, por el Tribunal de Juicio.<\/span><\/p>\n<p class=\"gmail-MsoNormal\"><span style=\"font-size: small;\">En este sentido el secretario general de la empresa Petaquilla Gold, Jorge Ob\u00f3n manifest\u00f3 que no entiende c\u00f3mo el Fiscal Aurelio V\u00e1squez, puede pedir conducci\u00f3n del representante legal de la empresa, aduciendo que no se le ha podido notificar, cuando Richard Fifer, tiene como medida cautelar la notificaci\u00f3n semanal ante el Ministerio P\u00fablico.<\/span><\/p>\n<p class=\"gmail-MsoNormal\"><span style=\"font-size: small;\">Asegur\u00f3 que en los pr\u00f3ximos d\u00edas su abogado Te\u00f3fanes L\u00f3pez, interpondr\u00e1 ante las autoridades correspondientes, una denuncia penal contra el Fiscal Aurelio V\u00e1squez, por el mal manejo y manipulaci\u00f3n del expediente en contra de Fifer,\u00a0ya que sienten que ha ca\u00eddo en una persecuci\u00f3n contra el representante legal de la empresa, Richard Fifer.<\/span><\/p>\n<\/div>\n<\/div>\n<div class=\"mail-message-footer spacer collapsible\"><\/div>\n<\/div>\n","protected":false},"excerpt":{"rendered":"<p>&nbsp; \u00a0EDILSA GONZALEZ COCL\u00c9. \u00a0 Las juezas de Juicio de la provincia de Cocl\u00e9 ordenaron la conducci\u00f3n de Richard Fifer exgobernador de la provincia de Cocl\u00e9, acusado por el delito de retenci\u00f3n indebida de cuotas en perjuicio de la Caja del Seguro Social, en la audiencia de juicio programada para el d\u00eda de hoy, 27 [&hellip;]<\/p>\n","protected":false},"author":3,"featured_media":1077,"comment_status":"closed","ping_status":"open","sticky":false,"template":"","format":"standard","meta":{"footnotes":""},"categories":[1],"tags":[],"class_list":["post-1076","post","type-post","status-publish","format-standard","has-post-thumbnail","hentry","category-noticias"],"_links":{"self":[{"href":"https:\/\/mifavorita.com.pa\/2017\/wp-json\/wp\/v2\/posts\/1076","targetHints":{"allow":["GET"]}}],"collection":[{"href":"https:\/\/mifavorita.com.pa\/2017\/wp-json\/wp\/v2\/posts"}],"about":[{"href":"https:\/\/mifavorita.com.pa\/2017\/wp-json\/wp\/v2\/types\/post"}],"author":[{"embeddable":true,"href":"https:\/\/mifavorita.com.pa\/2017\/wp-json\/wp\/v2\/users\/3"}],"replies":[{"embeddable":true,"href":"https:\/\/mifavorita.com.pa\/2017\/wp-json\/wp\/v2\/comments?post=1076"}],"version-history":[{"count":1,"href":"https:\/\/mifavorita.com.pa\/2017\/wp-json\/wp\/v2\/posts\/1076\/revisions"}],"predecessor-version":[{"id":1078,"href":"https:\/\/mifavorita.com.pa\/2017\/wp-json\/wp\/v2\/posts\/1076\/revisions\/1078"}],"wp:featuredmedia":[{"embeddable":true,"href":"https:\/\/mifavorita.com.pa\/2017\/wp-json\/wp\/v2\/media\/1077"}],"wp:attachment":[{"href":"https:\/\/mifavorita.com.pa\/2017\/wp-json\/wp\/v2\/media?parent=1076"}],"wp:term":[{"taxonomy":"category","embeddable":true,"href":"https:\/\/mifavorita.com.pa\/2017\/wp-json\/wp\/v2\/categories?post=1076"},{"taxonomy":"post_tag","embeddable":true,"href":"https:\/\/mifavorita.com.pa\/2017\/wp-json\/wp\/v2\/tags?post=1076"}],"curies":[{"name":"wp","href":"https:\/\/api.w.org\/{rel}","templated":true}]}}