{"id":11236,"date":"2024-04-10T16:37:46","date_gmt":"2024-04-10T16:37:46","guid":{"rendered":"https:\/\/mifavorita.com.pa\/2017\/?p=11236"},"modified":"2024-04-10T16:39:40","modified_gmt":"2024-04-10T16:39:40","slug":"residentes-de-el-peru-reclaman-su-piquera-de-buses-se-sienten-afectados-con-nueva-ruta-conductores-denuncian-persecucion","status":"publish","type":"post","link":"https:\/\/mifavorita.com.pa\/2017\/residentes-de-el-peru-reclaman-su-piquera-de-buses-se-sienten-afectados-con-nueva-ruta-conductores-denuncian-persecucion\/","title":{"rendered":"RESIDENTES DE EL PER\u00da RECLAMAN SU PIQUERA DE BUSES, SE SIENTEN AFECTADOS CON NUEVA RUTA. CONDUCTORES DENUNCIAN PERSECUCI\u00d3N"},"content":{"rendered":"\n<p>DAMGELA DE LE\u00d3N<\/p>\n\n\n\n<p>Molestos se encuentran los residentes de El Per\u00fa en Aguadulce, ya que por m\u00e1s de 20 a\u00f1os sus buses de rutas internas les han brindado un buen servicio al realizar su recorrido dentro de su comunidad hacia el centro de Aguadulce, sin embargo, de un momento a otro, desde hace 3 a\u00f1os les han anunciado que su piquera se trasladada hacia la nueva terminal.<\/p>\n\n\n\n<p><br>Ellos reclaman la insistencia en querer movilizar el punto de encuentro de esta ruta hacia la nueva terminal, y se\u00f1alan que desconocen cu\u00e1l es el verdadero inter\u00e9s por hacerlo y en qu\u00e9 los beneficiar\u00eda a ellos como usuarios, ya que es la Autoridad de Tr\u00e1nsito y Transporte Terrestre, que obliga a los conductores a movilizarse.<\/p>\n\n\n\n<p><br>Estudiantes y adultos mayores son quienes m\u00e1s sufren esta situaci\u00f3n, seg\u00fan los residentes, pues deben salir muy temprano hacia sus centros educativos o citas m\u00e9dicas y se les hace imposible llegar a tiempo y regresar temprano a sus hogares.<\/p>\n\n\n\n<figure class=\"wp-block-image size-large\"><img fetchpriority=\"high\" decoding=\"async\" width=\"689\" height=\"1024\" src=\"https:\/\/mifavorita.com.pa\/2017\/wp-content\/uploads\/2024\/04\/img-20240409-wa01632184378233346534725-689x1024.jpg\" alt=\"\" class=\"wp-image-11239\" srcset=\"https:\/\/mifavorita.com.pa\/2017\/wp-content\/uploads\/2024\/04\/img-20240409-wa01632184378233346534725-689x1024.jpg 689w, https:\/\/mifavorita.com.pa\/2017\/wp-content\/uploads\/2024\/04\/img-20240409-wa01632184378233346534725-202x300.jpg 202w, https:\/\/mifavorita.com.pa\/2017\/wp-content\/uploads\/2024\/04\/img-20240409-wa01632184378233346534725-768x1141.jpg 768w, https:\/\/mifavorita.com.pa\/2017\/wp-content\/uploads\/2024\/04\/img-20240409-wa01632184378233346534725-1034x1536.jpg 1034w, https:\/\/mifavorita.com.pa\/2017\/wp-content\/uploads\/2024\/04\/img-20240409-wa01632184378233346534725.jpg 1077w\" sizes=\"(max-width: 689px) 100vw, 689px\" \/><\/figure>\n\n\n\n<p><br>Los due\u00f1os y conductores tambi\u00e9n se\u00f1alan que se sienten perseguidos, ya que si no cumplen con esta normativa se les amenaza con quitarles la placa, llevarse el auto en gr\u00faa, certificado de operaci\u00f3n y multas de hasta 700 balboas.<\/p>\n\n\n\n<p><br>De igual forma, est\u00e1n preocupados ya que reconocen que no se est\u00e1 cumpliendo con sus rutas habituales y no quieren que los usuarios consideren que no se les da un buen servicio, ya que es una situaci\u00f3n compleja que viven con rutas de otros lugares fuera del distrito, por lo que piden a la ATTT respeto con su trabajo, o de lo contrario ir\u00e1n a protestar a las calles.<\/p>\n","protected":false},"excerpt":{"rendered":"<p>DAMGELA DE LE\u00d3N Molestos se encuentran los residentes de El Per\u00fa en Aguadulce, ya que por m\u00e1s de 20 a\u00f1os sus buses de rutas internas les han brindado un buen servicio al realizar su recorrido dentro de su comunidad hacia el centro de Aguadulce, sin embargo, de un momento a otro, desde hace 3 a\u00f1os [&hellip;]<\/p>\n","protected":false},"author":2,"featured_media":11238,"comment_status":"open","ping_status":"open","sticky":false,"template":"","format":"standard","meta":{"footnotes":""},"categories":[1],"tags":[],"class_list":["post-11236","post","type-post","status-publish","format-standard","has-post-thumbnail","hentry","category-noticias"],"_links":{"self":[{"href":"https:\/\/mifavorita.com.pa\/2017\/wp-json\/wp\/v2\/posts\/11236","targetHints":{"allow":["GET"]}}],"collection":[{"href":"https:\/\/mifavorita.com.pa\/2017\/wp-json\/wp\/v2\/posts"}],"about":[{"href":"https:\/\/mifavorita.com.pa\/2017\/wp-json\/wp\/v2\/types\/post"}],"author":[{"embeddable":true,"href":"https:\/\/mifavorita.com.pa\/2017\/wp-json\/wp\/v2\/users\/2"}],"replies":[{"embeddable":true,"href":"https:\/\/mifavorita.com.pa\/2017\/wp-json\/wp\/v2\/comments?post=11236"}],"version-history":[{"count":2,"href":"https:\/\/mifavorita.com.pa\/2017\/wp-json\/wp\/v2\/posts\/11236\/revisions"}],"predecessor-version":[{"id":11240,"href":"https:\/\/mifavorita.com.pa\/2017\/wp-json\/wp\/v2\/posts\/11236\/revisions\/11240"}],"wp:featuredmedia":[{"embeddable":true,"href":"https:\/\/mifavorita.com.pa\/2017\/wp-json\/wp\/v2\/media\/11238"}],"wp:attachment":[{"href":"https:\/\/mifavorita.com.pa\/2017\/wp-json\/wp\/v2\/media?parent=11236"}],"wp:term":[{"taxonomy":"category","embeddable":true,"href":"https:\/\/mifavorita.com.pa\/2017\/wp-json\/wp\/v2\/categories?post=11236"},{"taxonomy":"post_tag","embeddable":true,"href":"https:\/\/mifavorita.com.pa\/2017\/wp-json\/wp\/v2\/tags?post=11236"}],"curies":[{"name":"wp","href":"https:\/\/api.w.org\/{rel}","templated":true}]}}