{"id":11243,"date":"2024-04-10T16:38:52","date_gmt":"2024-04-10T16:38:52","guid":{"rendered":"https:\/\/mifavorita.com.pa\/2017\/?p=11243"},"modified":"2024-04-10T16:39:27","modified_gmt":"2024-04-10T16:39:27","slug":"emanacion-de-humo-del-vertedero-de-anton-sigue-a-pesar-de-las-lluvias","status":"publish","type":"post","link":"https:\/\/mifavorita.com.pa\/2017\/emanacion-de-humo-del-vertedero-de-anton-sigue-a-pesar-de-las-lluvias\/","title":{"rendered":"EMANACI\u00d3N DE HUMO DEL VERTEDERO DE ANT\u00d3N SIGUE A PESAR DE LAS LLUVIAS"},"content":{"rendered":"\n<p>DAMGELA DE LE\u00d3N<\/p>\n\n\n\n<p>Luego del incendio reportado en el vertedero de Ant\u00f3n ubicado en la entrada de El Jobo hace una semana, el cuerpo de Bomberos, luego de una inspecci\u00f3n realizada la ma\u00f1ana de este 9 de abril, report\u00f3 que ya el mismo se encuentra pr\u00e1cticamente extinto, y que s\u00f3lo ha quedado la emanaci\u00f3n de humo que se vio aumentado por el vapor producido por las lluvias.<\/p>\n\n\n\n<p><br>Y es que precisamente fueron las lluvias que han permitido que las labores con las maquinarias pesadas sean m\u00e1s eficientes al cubrir la basura con tierra h\u00fameda. As\u00ed lo explic\u00f3 Margarita Ducreux, coronel en jefe de los bomberos de Cocl\u00e9, quien dijo que se han mantenido en contacto directo con el Municipio de este distrito para seguir coordinando acciones.<\/p>\n\n\n\n<p><br>La coronel tambi\u00e9n se\u00f1al\u00f3 que en los dos incendios que se han reportado recientemente, este \u00faltimo fue el m\u00e1s dif\u00edcil de controlar debido a que las maquinarias no estaban en sitio, adem\u00e1s que no se les ha informado de afectaciones a los habitantes de los alrededores, s\u00f3lo el traslado de dos adultas mayores que fueron sacadas de sus hogares cuando inici\u00f3 el incendio.<\/p>\n\n\n\n<p><br>El Municipio de Ant\u00f3n a pesar de contar con maquinarias, ha solicitado apoyo a otras instituciones para solucionar de una vez por todas la emanaci\u00f3n de humo.<\/p>\n\n\n\n<p><br>En base a las recomendaciones, se espera que se mejore la divisi\u00f3n de los residuos y vigilancia, para evitar un nuevo incendio.<\/p>\n","protected":false},"excerpt":{"rendered":"<p>DAMGELA DE LE\u00d3N Luego del incendio reportado en el vertedero de Ant\u00f3n ubicado en la entrada de El Jobo hace una semana, el cuerpo de Bomberos, luego de una inspecci\u00f3n realizada la ma\u00f1ana de este 9 de abril, report\u00f3 que ya el mismo se encuentra pr\u00e1cticamente extinto, y que s\u00f3lo ha quedado la emanaci\u00f3n de [&hellip;]<\/p>\n","protected":false},"author":2,"featured_media":11241,"comment_status":"open","ping_status":"open","sticky":false,"template":"","format":"standard","meta":{"footnotes":""},"categories":[1],"tags":[],"class_list":["post-11243","post","type-post","status-publish","format-standard","has-post-thumbnail","hentry","category-noticias"],"_links":{"self":[{"href":"https:\/\/mifavorita.com.pa\/2017\/wp-json\/wp\/v2\/posts\/11243","targetHints":{"allow":["GET"]}}],"collection":[{"href":"https:\/\/mifavorita.com.pa\/2017\/wp-json\/wp\/v2\/posts"}],"about":[{"href":"https:\/\/mifavorita.com.pa\/2017\/wp-json\/wp\/v2\/types\/post"}],"author":[{"embeddable":true,"href":"https:\/\/mifavorita.com.pa\/2017\/wp-json\/wp\/v2\/users\/2"}],"replies":[{"embeddable":true,"href":"https:\/\/mifavorita.com.pa\/2017\/wp-json\/wp\/v2\/comments?post=11243"}],"version-history":[{"count":1,"href":"https:\/\/mifavorita.com.pa\/2017\/wp-json\/wp\/v2\/posts\/11243\/revisions"}],"predecessor-version":[{"id":11244,"href":"https:\/\/mifavorita.com.pa\/2017\/wp-json\/wp\/v2\/posts\/11243\/revisions\/11244"}],"wp:featuredmedia":[{"embeddable":true,"href":"https:\/\/mifavorita.com.pa\/2017\/wp-json\/wp\/v2\/media\/11241"}],"wp:attachment":[{"href":"https:\/\/mifavorita.com.pa\/2017\/wp-json\/wp\/v2\/media?parent=11243"}],"wp:term":[{"taxonomy":"category","embeddable":true,"href":"https:\/\/mifavorita.com.pa\/2017\/wp-json\/wp\/v2\/categories?post=11243"},{"taxonomy":"post_tag","embeddable":true,"href":"https:\/\/mifavorita.com.pa\/2017\/wp-json\/wp\/v2\/tags?post=11243"}],"curies":[{"name":"wp","href":"https:\/\/api.w.org\/{rel}","templated":true}]}}