{"id":11248,"date":"2024-04-11T13:06:13","date_gmt":"2024-04-11T13:06:13","guid":{"rendered":"https:\/\/mifavorita.com.pa\/2017\/?p=11248"},"modified":"2024-04-11T13:06:17","modified_gmt":"2024-04-11T13:06:17","slug":"habitantes-de-el-jobo-y-el-jaguito-de-anton-protestan-no-quieren-el-vertedero-cerca","status":"publish","type":"post","link":"https:\/\/mifavorita.com.pa\/2017\/habitantes-de-el-jobo-y-el-jaguito-de-anton-protestan-no-quieren-el-vertedero-cerca\/","title":{"rendered":"HABITANTES DE EL JOBO Y EL JAG\u00dcITO DE ANT\u00d3N PROTESTAN: NO QUIEREN EL VERTEDERO CERCA"},"content":{"rendered":"\n<p>DAMGELA DE LE\u00d3N<\/p>\n\n\n\n<p>Con enfermedades respiratorias, moscas por todos lados y con miedo a que sus aguas est\u00e9n siendo contaminadas se encuentran los residentes de El Jobo y El Jaguito de Ant\u00f3n, ya que luchan contra el humo que emana del vertedero, por lo que han decidido cerrar la entrada al mismo hasta que se les d\u00e9 una pronta soluci\u00f3n.<\/p>\n\n\n\n<p><br>Y es que se ha vuelto una tortura estar en paz en sus hogares desde el pasado 2 de abril cuando inici\u00f3 el fuego, que una semana despu\u00e9s, a\u00fan emana humo con malos olores, sin embargo, desde hace a\u00f1os cuando se decidi\u00f3 colocar el vertedero en la interamericana, piden su remoci\u00f3n.<\/p>\n\n\n\n<p><br>Jos\u00e9 Moreno, presidente de la Junta Local de El Jaguito, explic\u00f3 que no pretenden ceder el paso a los camiones recolectores hasta que el humo se detenga, adem\u00e1s que est\u00e1n poniendo en juego su salud, al estar tan cerca del r\u00edo La Estancia, por lo que piden que sea removido.<\/p>\n\n\n\n<figure class=\"wp-block-image size-large\"><img fetchpriority=\"high\" decoding=\"async\" width=\"1024\" height=\"576\" src=\"https:\/\/mifavorita.com.pa\/2017\/wp-content\/uploads\/2024\/04\/img-20240410-wa01207821405644704341354-1024x576.jpg\" alt=\"\" class=\"wp-image-11246\" srcset=\"https:\/\/mifavorita.com.pa\/2017\/wp-content\/uploads\/2024\/04\/img-20240410-wa01207821405644704341354-1024x576.jpg 1024w, https:\/\/mifavorita.com.pa\/2017\/wp-content\/uploads\/2024\/04\/img-20240410-wa01207821405644704341354-300x169.jpg 300w, https:\/\/mifavorita.com.pa\/2017\/wp-content\/uploads\/2024\/04\/img-20240410-wa01207821405644704341354-768x432.jpg 768w, https:\/\/mifavorita.com.pa\/2017\/wp-content\/uploads\/2024\/04\/img-20240410-wa01207821405644704341354-1200x675.jpg 1200w, https:\/\/mifavorita.com.pa\/2017\/wp-content\/uploads\/2024\/04\/img-20240410-wa01207821405644704341354.jpg 1280w\" sizes=\"(max-width: 1024px) 100vw, 1024px\" \/><\/figure>\n\n\n\n<p><br>Por su parte, Leyda de Justiniani, residente de esta comunidad y paciente de c\u00e1ncer, detall\u00f3 todo lo que ella y su familia han estado viviendo producto de esta situaci\u00f3n, como el resfriado que mantiene enfermo a su esposo hipertenso, el riesgo que corre su bisnieta de un mes de nacida ya que, por el humo, ha tenido que permanecer encerrada.<\/p>\n\n\n\n<p><br>Otra de sus preocupaciones es la cercan\u00eda del pozo comunitario de este vertedero, puesto que temen estar consumiendo agua contaminada.<br>El pr\u00f3ximo martes se espera que estos residentes sean recibidos en el concejo municipal de Ant\u00f3n, al igual que al director regional del ministerio de salud, Mario Lozada, para plantear soluciones a mediano plazo de este vertedero.<\/p>\n\n\n\n<figure class=\"wp-block-image size-large\"><img decoding=\"async\" width=\"1024\" height=\"546\" src=\"https:\/\/mifavorita.com.pa\/2017\/wp-content\/uploads\/2024\/04\/img-20240410-wa01212592735536591886371-1024x546.jpg\" alt=\"\" class=\"wp-image-11247\" srcset=\"https:\/\/mifavorita.com.pa\/2017\/wp-content\/uploads\/2024\/04\/img-20240410-wa01212592735536591886371-1024x546.jpg 1024w, https:\/\/mifavorita.com.pa\/2017\/wp-content\/uploads\/2024\/04\/img-20240410-wa01212592735536591886371-300x160.jpg 300w, https:\/\/mifavorita.com.pa\/2017\/wp-content\/uploads\/2024\/04\/img-20240410-wa01212592735536591886371-768x410.jpg 768w, https:\/\/mifavorita.com.pa\/2017\/wp-content\/uploads\/2024\/04\/img-20240410-wa01212592735536591886371.jpg 1170w\" sizes=\"(max-width: 1024px) 100vw, 1024px\" \/><\/figure>\n\n\n\n<p><br>Por su parte, el cuerpo de Bomberos ya se hab\u00eda pronunciado, e indic\u00f3 que es labor de la Alcald\u00eda solucionar esto, puesto que deben trabajar con maquinarias para seguir enterrando la basura.<\/p>\n","protected":false},"excerpt":{"rendered":"<p>DAMGELA DE LE\u00d3N Con enfermedades respiratorias, moscas por todos lados y con miedo a que sus aguas est\u00e9n siendo contaminadas se encuentran los residentes de El Jobo y El Jaguito de Ant\u00f3n, ya que luchan contra el humo que emana del vertedero, por lo que han decidido cerrar la entrada al mismo hasta que se [&hellip;]<\/p>\n","protected":false},"author":2,"featured_media":11245,"comment_status":"open","ping_status":"open","sticky":false,"template":"","format":"standard","meta":{"footnotes":""},"categories":[1],"tags":[],"class_list":["post-11248","post","type-post","status-publish","format-standard","has-post-thumbnail","hentry","category-noticias"],"_links":{"self":[{"href":"https:\/\/mifavorita.com.pa\/2017\/wp-json\/wp\/v2\/posts\/11248","targetHints":{"allow":["GET"]}}],"collection":[{"href":"https:\/\/mifavorita.com.pa\/2017\/wp-json\/wp\/v2\/posts"}],"about":[{"href":"https:\/\/mifavorita.com.pa\/2017\/wp-json\/wp\/v2\/types\/post"}],"author":[{"embeddable":true,"href":"https:\/\/mifavorita.com.pa\/2017\/wp-json\/wp\/v2\/users\/2"}],"replies":[{"embeddable":true,"href":"https:\/\/mifavorita.com.pa\/2017\/wp-json\/wp\/v2\/comments?post=11248"}],"version-history":[{"count":1,"href":"https:\/\/mifavorita.com.pa\/2017\/wp-json\/wp\/v2\/posts\/11248\/revisions"}],"predecessor-version":[{"id":11249,"href":"https:\/\/mifavorita.com.pa\/2017\/wp-json\/wp\/v2\/posts\/11248\/revisions\/11249"}],"wp:featuredmedia":[{"embeddable":true,"href":"https:\/\/mifavorita.com.pa\/2017\/wp-json\/wp\/v2\/media\/11245"}],"wp:attachment":[{"href":"https:\/\/mifavorita.com.pa\/2017\/wp-json\/wp\/v2\/media?parent=11248"}],"wp:term":[{"taxonomy":"category","embeddable":true,"href":"https:\/\/mifavorita.com.pa\/2017\/wp-json\/wp\/v2\/categories?post=11248"},{"taxonomy":"post_tag","embeddable":true,"href":"https:\/\/mifavorita.com.pa\/2017\/wp-json\/wp\/v2\/tags?post=11248"}],"curies":[{"name":"wp","href":"https:\/\/api.w.org\/{rel}","templated":true}]}}