{"id":11254,"date":"2024-04-12T01:01:53","date_gmt":"2024-04-12T01:01:53","guid":{"rendered":"https:\/\/mifavorita.com.pa\/2017\/?p=11254"},"modified":"2024-04-12T01:02:13","modified_gmt":"2024-04-12T01:02:13","slug":"minsa-investiga-circunstancias-de-la-muerte-de-menor-de-15-anos","status":"publish","type":"post","link":"https:\/\/mifavorita.com.pa\/2017\/minsa-investiga-circunstancias-de-la-muerte-de-menor-de-15-anos\/","title":{"rendered":"MINSA INVESTIGA CIRCUNSTANCIAS DE LA MUERTE DE MENOR DE 15 A\u00d1OS"},"content":{"rendered":"\n<p>EDILSA GONZ\u00c1LEZ ROCA<\/p>\n\n\n\n<p>El Ministerio de Salud anunci\u00f3 a trav\u00e9s de un comunicado que inici\u00f3 una investigaci\u00f3n para \u201cdeslindar responsabilidades en torno al caso del menor de 15 a\u00f1os que falleci\u00f3 el pasado domingo\u201d en las instalaciones del Hospital Rafael Est\u00e9vez de Aguadulce, supuestamente a consecuencia de dengue hemorr\u00e1gico.<\/p>\n\n\n\n<p>Seg\u00fan el comunicado, el Ministro Luis Francisco Sucre apenas conoci\u00f3 el caso gir\u00f3 instrucciones para realizar la auditor\u00eda de los expedientes y tomar acciones contempladas en la norma, la investigaci\u00f3n busca determinar cu\u00e1l fue el recorrido que realiz\u00f3 la madre del ni\u00f1o en busca de atenci\u00f3n.<\/p>\n\n\n\n<p>La noticia sobre el fallecimiento de este menor fue dada a conocer el pasado martes 9 de abril y confirmada por el departamento de Epidemiolog\u00eda del Minsa de la provincia de Cocl\u00e9, indicando que el menor era procedente de Capira y hab\u00eda sido admitido en el hospital de Aguadulce el domingo 9 y ese mismo d\u00eda falleci\u00f3.<\/p>\n\n\n\n<p>Seg\u00fan confirm\u00f3 el doctor Domicio Espino del Departamento de Epidemiolog\u00eda del Ministerio de Salud en la provincia de Cocl\u00e9, el ni\u00f1o fue ingresado a la Unidad de Cuidados Intensivo (UCI) con diagn\u00f3stico sospechoso de varias patolog\u00edas entre ellas, hanta, dengue grave y lepthospira, que luego de las pruebas correspondientes se determina que se trataba de dengue grave o hemorr\u00e1gico.<\/p>\n\n\n\n<p>Se pudo conocer que la familia del menor reside en el corregimiento cabecera de Capira en el sector&nbsp;&nbsp;de Altos de Capira y su sepelio se registr\u00f3 este martes en su comunidad.<\/p>\n\n\n\n<p>La madre del menor denunci\u00f3 ante varios medios de comunicaci\u00f3n que a sus hijo le negaron la atenci\u00f3n en el hospital del Ni\u00f1o y en el Hospital Santo Tom\u00e1s en la ciudad capital, por lo que ante la desesperaci\u00f3n por el estado de salud de su hijo tuvo que viajar a la provincia de Cocl\u00e9 en donde finalmente admitieron al ni\u00f1o pero fue demasiado tarde y muri\u00f3.<\/p>\n\n\n\n<p>Ahora el Ministerio de Salud indica que a\u00fan se contin\u00faan haciendo pruebas para determinar con certeza las causas de muerte de este menor.<\/p>\n\n\n\n<p>Seg\u00fan los estudios sanitarios el dengue hemorr\u00e1gico se desencadena cuando el paciente ha presentado dengue de un serotipo y lo pica otro mosquito transmisor del dengue de un serotipo distinto al anterior, recordemos que existen cuatro serotipos de dengue el 1, 2, 3 y 4, cuando una misma persona es picada por dos serotipos distintos es afectado por dengue grave que puede llegar a hemorr\u00e1gico y causar la muerte, si no se recibe atenci\u00f3n oportuna.<\/p>\n","protected":false},"excerpt":{"rendered":"<p>EDILSA GONZ\u00c1LEZ ROCA El Ministerio de Salud anunci\u00f3 a trav\u00e9s de un comunicado que inici\u00f3 una investigaci\u00f3n para \u201cdeslindar responsabilidades en torno al caso del menor de 15 a\u00f1os que falleci\u00f3 el pasado domingo\u201d en las instalaciones del Hospital Rafael Est\u00e9vez de Aguadulce, supuestamente a consecuencia de dengue hemorr\u00e1gico. Seg\u00fan el comunicado, el Ministro Luis [&hellip;]<\/p>\n","protected":false},"author":2,"featured_media":11253,"comment_status":"open","ping_status":"open","sticky":false,"template":"","format":"standard","meta":{"footnotes":""},"categories":[1],"tags":[],"class_list":["post-11254","post","type-post","status-publish","format-standard","has-post-thumbnail","hentry","category-noticias"],"_links":{"self":[{"href":"https:\/\/mifavorita.com.pa\/2017\/wp-json\/wp\/v2\/posts\/11254","targetHints":{"allow":["GET"]}}],"collection":[{"href":"https:\/\/mifavorita.com.pa\/2017\/wp-json\/wp\/v2\/posts"}],"about":[{"href":"https:\/\/mifavorita.com.pa\/2017\/wp-json\/wp\/v2\/types\/post"}],"author":[{"embeddable":true,"href":"https:\/\/mifavorita.com.pa\/2017\/wp-json\/wp\/v2\/users\/2"}],"replies":[{"embeddable":true,"href":"https:\/\/mifavorita.com.pa\/2017\/wp-json\/wp\/v2\/comments?post=11254"}],"version-history":[{"count":1,"href":"https:\/\/mifavorita.com.pa\/2017\/wp-json\/wp\/v2\/posts\/11254\/revisions"}],"predecessor-version":[{"id":11255,"href":"https:\/\/mifavorita.com.pa\/2017\/wp-json\/wp\/v2\/posts\/11254\/revisions\/11255"}],"wp:featuredmedia":[{"embeddable":true,"href":"https:\/\/mifavorita.com.pa\/2017\/wp-json\/wp\/v2\/media\/11253"}],"wp:attachment":[{"href":"https:\/\/mifavorita.com.pa\/2017\/wp-json\/wp\/v2\/media?parent=11254"}],"wp:term":[{"taxonomy":"category","embeddable":true,"href":"https:\/\/mifavorita.com.pa\/2017\/wp-json\/wp\/v2\/categories?post=11254"},{"taxonomy":"post_tag","embeddable":true,"href":"https:\/\/mifavorita.com.pa\/2017\/wp-json\/wp\/v2\/tags?post=11254"}],"curies":[{"name":"wp","href":"https:\/\/api.w.org\/{rel}","templated":true}]}}