{"id":11263,"date":"2024-04-13T02:50:04","date_gmt":"2024-04-13T02:50:04","guid":{"rendered":"https:\/\/mifavorita.com.pa\/2017\/?p=11263"},"modified":"2024-04-13T02:50:11","modified_gmt":"2024-04-13T02:50:11","slug":"este-viernes-vence-el-plazo-de-inscripcion-de-catalogos-de-la-feria-nacional-de-artesanias-2024","status":"publish","type":"post","link":"https:\/\/mifavorita.com.pa\/2017\/este-viernes-vence-el-plazo-de-inscripcion-de-catalogos-de-la-feria-nacional-de-artesanias-2024\/","title":{"rendered":"ESTE VIERNES VENCE EL PLAZO DE INSCRIPCI\u00d3N DE CAT\u00c1LOGOS DE LA FERIA NACIONAL DE ARTESAN\u00cdAS 2024"},"content":{"rendered":"\n<p>DAMGELA DE LE\u00d3N<\/p>\n\n\n\n<p>Hasta este viernes 12 de abril est\u00e1 disponible la recepci\u00f3n de inscripciones de cat\u00e1logos de trabajos en cada uno de las oficinas regionales a nivel nacional de Mi Cultura para la Feria Nacional de Artesan\u00edas. En la provincia de Cocl\u00e9, ya varios han sido los artesanos acreditados que han hecho llegar sus documentos con fotograf\u00edas, descripci\u00f3n y precios de sus productos con diversos fines tanto textiles como de recuerdos.<\/p>\n\n\n\n<figure class=\"wp-block-image size-large\"><img fetchpriority=\"high\" decoding=\"async\" width=\"300\" height=\"189\" src=\"https:\/\/mifavorita.com.pa\/2017\/wp-content\/uploads\/2024\/04\/captura-de-pantalla-2024-04-12-1555215960280840230127208-300x189.jpg\" alt=\"\" class=\"wp-image-11261\" srcset=\"https:\/\/mifavorita.com.pa\/2017\/wp-content\/uploads\/2024\/04\/captura-de-pantalla-2024-04-12-1555215960280840230127208-300x189.jpg 300w, https:\/\/mifavorita.com.pa\/2017\/wp-content\/uploads\/2024\/04\/captura-de-pantalla-2024-04-12-1555215960280840230127208.jpg 539w\" sizes=\"(max-width: 300px) 100vw, 300px\" \/><\/figure>\n\n\n\n<p><br>Provincias como Col\u00f3n, Los Santos, Dari\u00e9n y Panam\u00e1 Oeste, tambi\u00e9n han activado la recepci\u00f3n de estos valiosos documentos que son indispensables para la participaci\u00f3n de los vendedores dentro de este evento ferial que se realiza cada a\u00f1o.<\/p>\n\n\n\n<p><br>Las disposiciones para estos cat\u00e1logos son encuadernadas p\u00e1ginas blancas de tama\u00f1o 8 y medio por 11, que contenga una portada con el nombre del artesano, su c\u00e9dula, actividad y si tiene, las redes sociales con las que promociona sus productos. El documento debe tener fotograf\u00edas de buen tama\u00f1o y calidad, adem\u00e1s de sus dimensiones.<\/p>\n\n\n\n<figure class=\"wp-block-image size-large\"><img decoding=\"async\" width=\"1024\" height=\"484\" src=\"https:\/\/mifavorita.com.pa\/2017\/wp-content\/uploads\/2024\/04\/gkfsv4dweaa8lim3542006352069401870-1024x484.jpg\" alt=\"\" class=\"wp-image-11262\" srcset=\"https:\/\/mifavorita.com.pa\/2017\/wp-content\/uploads\/2024\/04\/gkfsv4dweaa8lim3542006352069401870-1024x484.jpg 1024w, https:\/\/mifavorita.com.pa\/2017\/wp-content\/uploads\/2024\/04\/gkfsv4dweaa8lim3542006352069401870-300x142.jpg 300w, https:\/\/mifavorita.com.pa\/2017\/wp-content\/uploads\/2024\/04\/gkfsv4dweaa8lim3542006352069401870-768x363.jpg 768w, https:\/\/mifavorita.com.pa\/2017\/wp-content\/uploads\/2024\/04\/gkfsv4dweaa8lim3542006352069401870-1536x726.jpg 1536w, https:\/\/mifavorita.com.pa\/2017\/wp-content\/uploads\/2024\/04\/gkfsv4dweaa8lim3542006352069401870-1200x567.jpg 1200w, https:\/\/mifavorita.com.pa\/2017\/wp-content\/uploads\/2024\/04\/gkfsv4dweaa8lim3542006352069401870.jpg 1600w\" sizes=\"(max-width: 1024px) 100vw, 1024px\" \/><\/figure>\n\n\n\n<p><br>Para este 2024, la Feria Nacional ser\u00e1 del se llevar\u00e1 a cabo del 19 al 23 de junio en el Centro de Convenciones Atlapa, seg\u00fan lo anunci\u00f3 Ministerio de Cultura. Para consultas se pueden comunicar a la direcci\u00f3n de correo electr\u00f3nico: direcciondeartesania@micultura.gob.pa o a la plataforma: https:\/\/micultura.gob.pa\/<\/p>\n","protected":false},"excerpt":{"rendered":"<p>DAMGELA DE LE\u00d3N Hasta este viernes 12 de abril est\u00e1 disponible la recepci\u00f3n de inscripciones de cat\u00e1logos de trabajos en cada uno de las oficinas regionales a nivel nacional de Mi Cultura para la Feria Nacional de Artesan\u00edas. En la provincia de Cocl\u00e9, ya varios han sido los artesanos acreditados que han hecho llegar sus [&hellip;]<\/p>\n","protected":false},"author":2,"featured_media":11260,"comment_status":"open","ping_status":"open","sticky":false,"template":"","format":"standard","meta":{"footnotes":""},"categories":[1],"tags":[],"class_list":["post-11263","post","type-post","status-publish","format-standard","has-post-thumbnail","hentry","category-noticias"],"_links":{"self":[{"href":"https:\/\/mifavorita.com.pa\/2017\/wp-json\/wp\/v2\/posts\/11263","targetHints":{"allow":["GET"]}}],"collection":[{"href":"https:\/\/mifavorita.com.pa\/2017\/wp-json\/wp\/v2\/posts"}],"about":[{"href":"https:\/\/mifavorita.com.pa\/2017\/wp-json\/wp\/v2\/types\/post"}],"author":[{"embeddable":true,"href":"https:\/\/mifavorita.com.pa\/2017\/wp-json\/wp\/v2\/users\/2"}],"replies":[{"embeddable":true,"href":"https:\/\/mifavorita.com.pa\/2017\/wp-json\/wp\/v2\/comments?post=11263"}],"version-history":[{"count":1,"href":"https:\/\/mifavorita.com.pa\/2017\/wp-json\/wp\/v2\/posts\/11263\/revisions"}],"predecessor-version":[{"id":11264,"href":"https:\/\/mifavorita.com.pa\/2017\/wp-json\/wp\/v2\/posts\/11263\/revisions\/11264"}],"wp:featuredmedia":[{"embeddable":true,"href":"https:\/\/mifavorita.com.pa\/2017\/wp-json\/wp\/v2\/media\/11260"}],"wp:attachment":[{"href":"https:\/\/mifavorita.com.pa\/2017\/wp-json\/wp\/v2\/media?parent=11263"}],"wp:term":[{"taxonomy":"category","embeddable":true,"href":"https:\/\/mifavorita.com.pa\/2017\/wp-json\/wp\/v2\/categories?post=11263"},{"taxonomy":"post_tag","embeddable":true,"href":"https:\/\/mifavorita.com.pa\/2017\/wp-json\/wp\/v2\/tags?post=11263"}],"curies":[{"name":"wp","href":"https:\/\/api.w.org\/{rel}","templated":true}]}}