{"id":11267,"date":"2024-04-16T02:59:21","date_gmt":"2024-04-16T02:59:21","guid":{"rendered":"https:\/\/mifavorita.com.pa\/2017\/?p=11267"},"modified":"2024-04-16T02:59:27","modified_gmt":"2024-04-16T02:59:27","slug":"penonome-cabecera-no-tendra-agua-este-lunes-por-trabajos-en-la-potabilizadora","status":"publish","type":"post","link":"https:\/\/mifavorita.com.pa\/2017\/penonome-cabecera-no-tendra-agua-este-lunes-por-trabajos-en-la-potabilizadora\/","title":{"rendered":"PENONOM\u00c9 CABECERA NO TENDR\u00c1 AGUA ESTE LUNES POR TRABAJOS EN LA POTABILIZADORA"},"content":{"rendered":"\n<p>DAMGELA DE LE\u00d3N<\/p>\n\n\n\n<p>Por trabajos para corregir una incidencia en una de las tuber\u00edas principales que van a la estaci\u00f3n de agua cruda, la planta potabilizadora del Instituto de Acueductos y Alcantarillados Nacionales de Penonom\u00e9, suspender\u00e1 operaciones el pr\u00f3ximo lunes 15 de abril de 7 de la ma\u00f1ana a 5 de la tarde del pr\u00f3ximo lunes, se har\u00e1n trabajos de reparaci\u00f3n en esta l\u00ednea de conducci\u00f3n principal que tiene una medida de 18 pulgadas, esto ocasionar\u00e1 que \u00e1reas principales del corregimiento cabecera presenten una interrupci\u00f3n en su suministro de agua potable.<\/p>\n\n\n\n<figure class=\"wp-block-image size-large\"><img fetchpriority=\"high\" decoding=\"async\" width=\"1024\" height=\"576\" src=\"https:\/\/mifavorita.com.pa\/2017\/wp-content\/uploads\/2024\/04\/cam00176_0-18581770336085922375-1024x576.jpg\" alt=\"\" class=\"wp-image-11266\" srcset=\"https:\/\/mifavorita.com.pa\/2017\/wp-content\/uploads\/2024\/04\/cam00176_0-18581770336085922375-1024x576.jpg 1024w, https:\/\/mifavorita.com.pa\/2017\/wp-content\/uploads\/2024\/04\/cam00176_0-18581770336085922375-300x169.jpg 300w, https:\/\/mifavorita.com.pa\/2017\/wp-content\/uploads\/2024\/04\/cam00176_0-18581770336085922375-768x432.jpg 768w, https:\/\/mifavorita.com.pa\/2017\/wp-content\/uploads\/2024\/04\/cam00176_0-18581770336085922375-1200x675.jpg 1200w, https:\/\/mifavorita.com.pa\/2017\/wp-content\/uploads\/2024\/04\/cam00176_0-18581770336085922375.jpg 1365w\" sizes=\"(max-width: 1024px) 100vw, 1024px\" \/><\/figure>\n\n\n\n<p><br>As\u00ed lo anunci\u00f3 un comunicado del IDAAN, en donde piden a los sectores de El Carmen, Cuarto Centenario, Cerro Centenario, El Encanto, Avenida Central, El Chorrillo, el Prado, Miraflores, Las delicias, y todos los sectores circundantes, tomar las medidas de prevenci\u00f3n para no quedar sin el vital l\u00edquido durante estas horas de trabajo.<\/p>\n\n\n\n<p><br>En el anuncio publicado por la instituci\u00f3n en sus redes sociales, menciona que pide disculpas por los inconvenientes que se registren producto de esto, y exhorta a que se empleen las buenas pr\u00e1cticas al usar de forma racional el agua durante los \u00faltimos d\u00edas de la temporada seca en nuestra regi\u00f3n.<\/p>\n","protected":false},"excerpt":{"rendered":"<p>DAMGELA DE LE\u00d3N Por trabajos para corregir una incidencia en una de las tuber\u00edas principales que van a la estaci\u00f3n de agua cruda, la planta potabilizadora del Instituto de Acueductos y Alcantarillados Nacionales de Penonom\u00e9, suspender\u00e1 operaciones el pr\u00f3ximo lunes 15 de abril de 7 de la ma\u00f1ana a 5 de la tarde del pr\u00f3ximo [&hellip;]<\/p>\n","protected":false},"author":2,"featured_media":11265,"comment_status":"open","ping_status":"open","sticky":false,"template":"","format":"standard","meta":{"footnotes":""},"categories":[1],"tags":[],"class_list":["post-11267","post","type-post","status-publish","format-standard","has-post-thumbnail","hentry","category-noticias"],"_links":{"self":[{"href":"https:\/\/mifavorita.com.pa\/2017\/wp-json\/wp\/v2\/posts\/11267","targetHints":{"allow":["GET"]}}],"collection":[{"href":"https:\/\/mifavorita.com.pa\/2017\/wp-json\/wp\/v2\/posts"}],"about":[{"href":"https:\/\/mifavorita.com.pa\/2017\/wp-json\/wp\/v2\/types\/post"}],"author":[{"embeddable":true,"href":"https:\/\/mifavorita.com.pa\/2017\/wp-json\/wp\/v2\/users\/2"}],"replies":[{"embeddable":true,"href":"https:\/\/mifavorita.com.pa\/2017\/wp-json\/wp\/v2\/comments?post=11267"}],"version-history":[{"count":1,"href":"https:\/\/mifavorita.com.pa\/2017\/wp-json\/wp\/v2\/posts\/11267\/revisions"}],"predecessor-version":[{"id":11268,"href":"https:\/\/mifavorita.com.pa\/2017\/wp-json\/wp\/v2\/posts\/11267\/revisions\/11268"}],"wp:featuredmedia":[{"embeddable":true,"href":"https:\/\/mifavorita.com.pa\/2017\/wp-json\/wp\/v2\/media\/11265"}],"wp:attachment":[{"href":"https:\/\/mifavorita.com.pa\/2017\/wp-json\/wp\/v2\/media?parent=11267"}],"wp:term":[{"taxonomy":"category","embeddable":true,"href":"https:\/\/mifavorita.com.pa\/2017\/wp-json\/wp\/v2\/categories?post=11267"},{"taxonomy":"post_tag","embeddable":true,"href":"https:\/\/mifavorita.com.pa\/2017\/wp-json\/wp\/v2\/tags?post=11267"}],"curies":[{"name":"wp","href":"https:\/\/api.w.org\/{rel}","templated":true}]}}