{"id":11273,"date":"2024-04-16T03:02:11","date_gmt":"2024-04-16T03:02:11","guid":{"rendered":"https:\/\/mifavorita.com.pa\/2017\/?p=11273"},"modified":"2024-04-16T03:02:29","modified_gmt":"2024-04-16T03:02:29","slug":"inauguran-sala-de-integracion-sensorial-en-el-iphe-penonome","status":"publish","type":"post","link":"https:\/\/mifavorita.com.pa\/2017\/inauguran-sala-de-integracion-sensorial-en-el-iphe-penonome\/","title":{"rendered":"INAUGURAN SALA DE INTEGRACI\u00d3N SENSORIAL EN EL IPHE PENONOM\u00c9"},"content":{"rendered":"\n<p>EDILSA GONZ\u00c1LEZ ROCA.<\/p>\n\n\n\n<p>Con el objetivo de ofrecer servicios a ni\u00f1os con diversas discapacidades, incluyendo autismo, s\u00edndrome de Down, discapacidad cognitiva, discapacidades sensoriales y trastornos del neuro-desarrollo se inaugur\u00f3 en el IPHE de Penonom\u00e9 una sala de integraci\u00f3n sensorial.<\/p>\n\n\n\n<p>El proyecto cuyo costo asciende a 16 mil 317 balboas incluye adecuaciones al espacio f\u00edsico y la adquisici\u00f3n de materiales y equipos, con esta iniciativa, el IPHE busca ser pionero en la implementaci\u00f3n de servicios de Integraci\u00f3n Sensorial de alta calidad, proporcionando a los estudiantes con discapacidad las herramientas necesarias para su desarrollo y \u00e9xito educativo, destac\u00f3 la directora nacional de la entidad Marisa Canales D\u00edaz.<\/p>\n\n\n\n<figure class=\"wp-block-image size-large\"><img fetchpriority=\"high\" decoding=\"async\" width=\"1024\" height=\"768\" src=\"https:\/\/mifavorita.com.pa\/2017\/wp-content\/uploads\/2024\/04\/20240415_1021306303156279027532176-1024x768.jpg\" alt=\"\" class=\"wp-image-11270\" srcset=\"https:\/\/mifavorita.com.pa\/2017\/wp-content\/uploads\/2024\/04\/20240415_1021306303156279027532176-1024x768.jpg 1024w, https:\/\/mifavorita.com.pa\/2017\/wp-content\/uploads\/2024\/04\/20240415_1021306303156279027532176-300x225.jpg 300w, https:\/\/mifavorita.com.pa\/2017\/wp-content\/uploads\/2024\/04\/20240415_1021306303156279027532176-768x576.jpg 768w, https:\/\/mifavorita.com.pa\/2017\/wp-content\/uploads\/2024\/04\/20240415_1021306303156279027532176-1536x1152.jpg 1536w, https:\/\/mifavorita.com.pa\/2017\/wp-content\/uploads\/2024\/04\/20240415_1021306303156279027532176-1200x900.jpg 1200w, https:\/\/mifavorita.com.pa\/2017\/wp-content\/uploads\/2024\/04\/20240415_1021306303156279027532176-1980x1485.jpg 1980w, https:\/\/mifavorita.com.pa\/2017\/wp-content\/uploads\/2024\/04\/20240415_1021306303156279027532176.jpg 2000w\" sizes=\"(max-width: 1024px) 100vw, 1024px\" \/><\/figure>\n\n\n\n<p>Agreg\u00f3 que esta iniciativa se enfoca en ampliar la cobertura de atenci\u00f3n a ni\u00f1os con trastornos del neuro-desarrollo y brindarles herramientas para su desarrollo integral desde la primera infancia hasta los 12 a\u00f1os, y est\u00e1 equipada con materiales terap\u00e9uticos y l\u00fadicos, ofrece oportunidades sensoriales a trav\u00e9s del juego, ayudando a intervenir en las dificultades de procesamiento sensorial y praxis que afectan el comportamiento, el aprendizaje y el desempe\u00f1o escolar de los estudiantes.<\/p>\n\n\n\n<figure class=\"wp-block-image size-large\"><img decoding=\"async\" width=\"1024\" height=\"577\" src=\"https:\/\/mifavorita.com.pa\/2017\/wp-content\/uploads\/2024\/04\/20240415_1045074230512140576219615-1024x577.jpg\" alt=\"\" class=\"wp-image-11271\" srcset=\"https:\/\/mifavorita.com.pa\/2017\/wp-content\/uploads\/2024\/04\/20240415_1045074230512140576219615-1024x577.jpg 1024w, https:\/\/mifavorita.com.pa\/2017\/wp-content\/uploads\/2024\/04\/20240415_1045074230512140576219615-300x169.jpg 300w, https:\/\/mifavorita.com.pa\/2017\/wp-content\/uploads\/2024\/04\/20240415_1045074230512140576219615-768x432.jpg 768w, https:\/\/mifavorita.com.pa\/2017\/wp-content\/uploads\/2024\/04\/20240415_1045074230512140576219615-1536x865.jpg 1536w, https:\/\/mifavorita.com.pa\/2017\/wp-content\/uploads\/2024\/04\/20240415_1045074230512140576219615-1200x676.jpg 1200w, https:\/\/mifavorita.com.pa\/2017\/wp-content\/uploads\/2024\/04\/20240415_1045074230512140576219615-1980x1115.jpg 1980w, https:\/\/mifavorita.com.pa\/2017\/wp-content\/uploads\/2024\/04\/20240415_1045074230512140576219615.jpg 2000w\" sizes=\"(max-width: 1024px) 100vw, 1024px\" \/><\/figure>\n\n\n\n<p>Indic\u00f3 adem\u00e1s que el personal de la sala estar\u00e1 compuesto por terapeutas ocupacionales especializados y certificados en Integraci\u00f3n Sensorial, quienes ser\u00e1n responsables de brindar atenci\u00f3n directa a los ni\u00f1os dentro de la sala y coordinar interconsultas con otros especialistas del equipo t\u00e9cnico, como terapeutas f\u00edsicos, psic\u00f3logos y fonoaudi\u00f3logos de la Instituci\u00f3n.<\/p>\n\n\n\n<p>Por sus parte Jorge Mart\u00ednez, terapeuta ocupacional del IPHE dijo que las sesiones en la sala de Integraci\u00f3n Sensorial consistir\u00e1n en actividades individuales y grupales, adaptadas a las necesidades y motivaciones de cada ni\u00f1o, con el objetivo de promover una conducta adaptativa y el desarrollo de habilidades motoras, cognitivas y sensoriales.<\/p>\n\n\n\n<figure class=\"wp-block-image size-large\"><img decoding=\"async\" width=\"1024\" height=\"768\" src=\"https:\/\/mifavorita.com.pa\/2017\/wp-content\/uploads\/2024\/04\/20240415_1021553376444558823698760-1024x768.jpg\" alt=\"\" class=\"wp-image-11272\" srcset=\"https:\/\/mifavorita.com.pa\/2017\/wp-content\/uploads\/2024\/04\/20240415_1021553376444558823698760-1024x768.jpg 1024w, https:\/\/mifavorita.com.pa\/2017\/wp-content\/uploads\/2024\/04\/20240415_1021553376444558823698760-300x225.jpg 300w, https:\/\/mifavorita.com.pa\/2017\/wp-content\/uploads\/2024\/04\/20240415_1021553376444558823698760-768x576.jpg 768w, https:\/\/mifavorita.com.pa\/2017\/wp-content\/uploads\/2024\/04\/20240415_1021553376444558823698760-1536x1152.jpg 1536w, https:\/\/mifavorita.com.pa\/2017\/wp-content\/uploads\/2024\/04\/20240415_1021553376444558823698760-1200x900.jpg 1200w, https:\/\/mifavorita.com.pa\/2017\/wp-content\/uploads\/2024\/04\/20240415_1021553376444558823698760-1980x1485.jpg 1980w, https:\/\/mifavorita.com.pa\/2017\/wp-content\/uploads\/2024\/04\/20240415_1021553376444558823698760.jpg 2000w\" sizes=\"(max-width: 1024px) 100vw, 1024px\" \/><\/figure>\n\n\n\n<p>Se\u00f1al\u00f3 que estas terapias s\u00f3lo se impart\u00edan de manera privada y tienen un costo de entre 40 y 60 balboas&nbsp;&nbsp;por sesi\u00f3n y el tiempo puede variar entre 30 y 45 minutos, ahora se brindar\u00e1n de manera gratuita para que los ni\u00f1os de Cocl\u00e9 cuenten con ese beneficio.<\/p>\n","protected":false},"excerpt":{"rendered":"<p>EDILSA GONZ\u00c1LEZ ROCA. Con el objetivo de ofrecer servicios a ni\u00f1os con diversas discapacidades, incluyendo autismo, s\u00edndrome de Down, discapacidad cognitiva, discapacidades sensoriales y trastornos del neuro-desarrollo se inaugur\u00f3 en el IPHE de Penonom\u00e9 una sala de integraci\u00f3n sensorial. El proyecto cuyo costo asciende a 16 mil 317 balboas incluye adecuaciones al espacio f\u00edsico y [&hellip;]<\/p>\n","protected":false},"author":2,"featured_media":11269,"comment_status":"open","ping_status":"open","sticky":false,"template":"","format":"standard","meta":{"footnotes":""},"categories":[1],"tags":[],"class_list":["post-11273","post","type-post","status-publish","format-standard","has-post-thumbnail","hentry","category-noticias"],"_links":{"self":[{"href":"https:\/\/mifavorita.com.pa\/2017\/wp-json\/wp\/v2\/posts\/11273","targetHints":{"allow":["GET"]}}],"collection":[{"href":"https:\/\/mifavorita.com.pa\/2017\/wp-json\/wp\/v2\/posts"}],"about":[{"href":"https:\/\/mifavorita.com.pa\/2017\/wp-json\/wp\/v2\/types\/post"}],"author":[{"embeddable":true,"href":"https:\/\/mifavorita.com.pa\/2017\/wp-json\/wp\/v2\/users\/2"}],"replies":[{"embeddable":true,"href":"https:\/\/mifavorita.com.pa\/2017\/wp-json\/wp\/v2\/comments?post=11273"}],"version-history":[{"count":1,"href":"https:\/\/mifavorita.com.pa\/2017\/wp-json\/wp\/v2\/posts\/11273\/revisions"}],"predecessor-version":[{"id":11274,"href":"https:\/\/mifavorita.com.pa\/2017\/wp-json\/wp\/v2\/posts\/11273\/revisions\/11274"}],"wp:featuredmedia":[{"embeddable":true,"href":"https:\/\/mifavorita.com.pa\/2017\/wp-json\/wp\/v2\/media\/11269"}],"wp:attachment":[{"href":"https:\/\/mifavorita.com.pa\/2017\/wp-json\/wp\/v2\/media?parent=11273"}],"wp:term":[{"taxonomy":"category","embeddable":true,"href":"https:\/\/mifavorita.com.pa\/2017\/wp-json\/wp\/v2\/categories?post=11273"},{"taxonomy":"post_tag","embeddable":true,"href":"https:\/\/mifavorita.com.pa\/2017\/wp-json\/wp\/v2\/tags?post=11273"}],"curies":[{"name":"wp","href":"https:\/\/api.w.org\/{rel}","templated":true}]}}