{"id":11277,"date":"2024-04-17T00:57:29","date_gmt":"2024-04-17T00:57:29","guid":{"rendered":"https:\/\/mifavorita.com.pa\/2017\/?p=11277"},"modified":"2024-12-30T13:47:56","modified_gmt":"2024-12-30T13:47:56","slug":"ipandetec-capacitara-a-la-poblacion-coclesana-en-temas-de-desinformacion-y-pensamiento-critico","status":"publish","type":"post","link":"https:\/\/mifavorita.com.pa\/2017\/ipandetec-capacitara-a-la-poblacion-coclesana-en-temas-de-desinformacion-y-pensamiento-critico\/","title":{"rendered":"IPANDETEC CAPACITAR\u00c1 A LA POBLACI\u00d3N COCLESANA EN TEMAS DE DESINFORMACI\u00d3N Y PENSAMIENTO CR\u00cdTICO"},"content":{"rendered":"\n<p>DAMGELA DE LE\u00d3N<\/p>\n\n\n\n<p>Con el objetivo de crear conciencia en la poblaci\u00f3n coclesana y mantenerla m\u00e1s informada sobre lo que sucede en el pa\u00eds o en el resto del mundo, el Instituto Panamericano de Derecho y Tecnolog\u00eda, llevar\u00e1 una capacitaci\u00f3n sobre desinformaci\u00f3n y pensamiento cr\u00edtico al Centro Regional Universitario de Cocl\u00e9, ubicado en Penonom\u00e9, este mi\u00e9rcoles 17 de abril.\u00a0<\/p>\n\n\n\n<p>Esta es una iniciativa est\u00e1 dirigida a todo p\u00fablico, por ello, desde las 10 de la ma\u00f1ana, un panel de expertos se centrar\u00e1 en explicar m\u00e9todos de verificaci\u00f3n de informaci\u00f3n, que ser\u00e1n \u00fatiles, sobre todo en este tiempo electoral y de convulsi\u00f3n pol\u00edtica en el mundo.\u00a0<\/p>\n\n\n\n<figure class=\"wp-block-image size-large\"><img fetchpriority=\"high\" decoding=\"async\" width=\"801\" height=\"1024\" src=\"https:\/\/mifavorita.com.pa\/2017\/wp-content\/uploads\/2024\/04\/img-20240416-wa02311702436949299458950-801x1024.jpg\" alt=\"\" class=\"wp-image-11276\" srcset=\"https:\/\/mifavorita.com.pa\/2017\/wp-content\/uploads\/2024\/04\/img-20240416-wa02311702436949299458950-801x1024.jpg 801w, https:\/\/mifavorita.com.pa\/2017\/wp-content\/uploads\/2024\/04\/img-20240416-wa02311702436949299458950-235x300.jpg 235w, https:\/\/mifavorita.com.pa\/2017\/wp-content\/uploads\/2024\/04\/img-20240416-wa02311702436949299458950-768x981.jpg 768w, https:\/\/mifavorita.com.pa\/2017\/wp-content\/uploads\/2024\/04\/img-20240416-wa02311702436949299458950.jpg 1170w\" sizes=\"(max-width: 801px) 100vw, 801px\" \/><\/figure>\n\n\n\n<p>Roxana Mu\u00f1oz, periodista e investigadora asociada del Instituto, indic\u00f3 que sobre todo al sector de la juventud, los temas de desinformaci\u00f3n hacen mayor eco, por tener presencia activa en el medio digital, que es de donde proceden las confusiones m\u00e1s notables, por ello, se les dirige una especial invitaci\u00f3n.<\/p>\n\n\n\n<p>Este proyecto tambi\u00e9n puede ser llevado a colegios u otras instituciones, ya que no tiene costo y es financiado por los fondos de apoyo social de la Uni\u00f3n Europea, por ello, todos los interesados pueden comunicarse a la cuenta de Instagram @ipandetec o al n\u00famero 60904862.<\/p>\n","protected":false},"excerpt":{"rendered":"<p>DAMGELA DE LE\u00d3N Con el objetivo de crear conciencia en la poblaci\u00f3n coclesana y mantenerla m\u00e1s informada sobre lo que sucede en el pa\u00eds o en el resto del mundo, el Instituto Panamericano de Derecho y Tecnolog\u00eda, llevar\u00e1 una capacitaci\u00f3n sobre desinformaci\u00f3n y pensamiento cr\u00edtico al Centro Regional Universitario de Cocl\u00e9, ubicado en Penonom\u00e9, este [&hellip;]<\/p>\n","protected":false},"author":2,"featured_media":11275,"comment_status":"open","ping_status":"open","sticky":false,"template":"","format":"standard","meta":{"footnotes":""},"categories":[1,33],"tags":[],"class_list":["post-11277","post","type-post","status-publish","format-standard","has-post-thumbnail","hentry","category-noticias","category-politica"],"_links":{"self":[{"href":"https:\/\/mifavorita.com.pa\/2017\/wp-json\/wp\/v2\/posts\/11277","targetHints":{"allow":["GET"]}}],"collection":[{"href":"https:\/\/mifavorita.com.pa\/2017\/wp-json\/wp\/v2\/posts"}],"about":[{"href":"https:\/\/mifavorita.com.pa\/2017\/wp-json\/wp\/v2\/types\/post"}],"author":[{"embeddable":true,"href":"https:\/\/mifavorita.com.pa\/2017\/wp-json\/wp\/v2\/users\/2"}],"replies":[{"embeddable":true,"href":"https:\/\/mifavorita.com.pa\/2017\/wp-json\/wp\/v2\/comments?post=11277"}],"version-history":[{"count":1,"href":"https:\/\/mifavorita.com.pa\/2017\/wp-json\/wp\/v2\/posts\/11277\/revisions"}],"predecessor-version":[{"id":11278,"href":"https:\/\/mifavorita.com.pa\/2017\/wp-json\/wp\/v2\/posts\/11277\/revisions\/11278"}],"wp:featuredmedia":[{"embeddable":true,"href":"https:\/\/mifavorita.com.pa\/2017\/wp-json\/wp\/v2\/media\/11275"}],"wp:attachment":[{"href":"https:\/\/mifavorita.com.pa\/2017\/wp-json\/wp\/v2\/media?parent=11277"}],"wp:term":[{"taxonomy":"category","embeddable":true,"href":"https:\/\/mifavorita.com.pa\/2017\/wp-json\/wp\/v2\/categories?post=11277"},{"taxonomy":"post_tag","embeddable":true,"href":"https:\/\/mifavorita.com.pa\/2017\/wp-json\/wp\/v2\/tags?post=11277"}],"curies":[{"name":"wp","href":"https:\/\/api.w.org\/{rel}","templated":true}]}}