{"id":11281,"date":"2024-04-17T11:06:49","date_gmt":"2024-04-17T11:06:49","guid":{"rendered":"https:\/\/mifavorita.com.pa\/2017\/?p=11281"},"modified":"2024-12-30T13:48:00","modified_gmt":"2024-12-30T13:48:00","slug":"al-menos-91-de-ninos-coclesanos-entre-1-y-4-anos-han-sido-vacunados-contra-el-sarampion","status":"publish","type":"post","link":"https:\/\/mifavorita.com.pa\/2017\/al-menos-91-de-ninos-coclesanos-entre-1-y-4-anos-han-sido-vacunados-contra-el-sarampion\/","title":{"rendered":"AL MENOS 91% DE NI\u00d1OS COCLESANOS ENTRE 1 Y 4 A\u00d1OS HAN SIDO VACUNADOS CONTRA EL SARAMPI\u00d3N"},"content":{"rendered":"\n<p>EDILSA GONZ\u00c1LEZ ROCA<\/p>\n\n\n\n<p>M\u00e1s del 90% de la poblaci\u00f3n infantil entre 1 a 4 a\u00f1os de la provincia de Cocl\u00e9 ya fue vacunada contra el Sarampi\u00f3n, as\u00ed se desprende de las estad\u00edsticas de la Campa\u00f1a Nacional de Vacunaci\u00f3n Contra el Sarampi\u00f3n y la Rub\u00e9ola que culmin\u00f3 este 16 de abril de 2024.<\/p>\n\n\n\n<p>Seg\u00fan el reporte dado a conocer por la enfermera Querube D\u00edaz del departamento de promoci\u00f3n de la Salud de Enfermer\u00eda hasta el 14 de abril se hab\u00edan vacunado en total en toda la provincia unos 12 mil 921 ni\u00f1os durante la vacunaci\u00f3n casa por casa que se inici\u00f3 el pasado 11 de marzo.<\/p>\n\n\n\n<p>Los registros de enfermer\u00eda para esta campa\u00f1a de vacunaci\u00f3n indican que hasta el 14 de marzo se hab\u00edan vacunado 3 mil 394 ni\u00f1os de 1 a\u00f1o, otros 3 mil 109 de dos a\u00f1os, 3 mil 172 de tres a\u00f1os y un total de 3 mil 246 infantes de 4 a\u00f1os, faltan a\u00fan por contabilizar los vacunados entre el 15 y 16 de abril.<\/p>\n\n\n\n<figure class=\"wp-block-image size-large\"><img fetchpriority=\"high\" decoding=\"async\" width=\"1024\" height=\"770\" src=\"https:\/\/mifavorita.com.pa\/2017\/wp-content\/uploads\/2024\/04\/img-20240416-wa02629034205865787340963-1024x770.jpg\" alt=\"\" class=\"wp-image-11280\" srcset=\"https:\/\/mifavorita.com.pa\/2017\/wp-content\/uploads\/2024\/04\/img-20240416-wa02629034205865787340963-1024x770.jpg 1024w, https:\/\/mifavorita.com.pa\/2017\/wp-content\/uploads\/2024\/04\/img-20240416-wa02629034205865787340963-300x226.jpg 300w, https:\/\/mifavorita.com.pa\/2017\/wp-content\/uploads\/2024\/04\/img-20240416-wa02629034205865787340963-768x578.jpg 768w, https:\/\/mifavorita.com.pa\/2017\/wp-content\/uploads\/2024\/04\/img-20240416-wa02629034205865787340963-1200x903.jpg 1200w, https:\/\/mifavorita.com.pa\/2017\/wp-content\/uploads\/2024\/04\/img-20240416-wa02629034205865787340963.jpg 1280w\" sizes=\"(max-width: 1024px) 100vw, 1024px\" \/><\/figure>\n\n\n\n<p>D\u00edaz indic\u00f3 que para el departamento de enfermer\u00eda del Minsa y de la Caja de Seguro Social que tambi\u00e9n participan de esta jornada de vacunaci\u00f3n es muy satisfactorio haber superado el 91% de ni\u00f1os vacunados pues se garantiza un alto porcentaje de cobertura por consiguiente se asegura la prevenci\u00f3n de esta enfermedad que aunque no se han presentado caso en el pa\u00eds es importante la prevenci\u00f3n a trav\u00e9s de la vacunaci\u00f3n.<\/p>\n\n\n\n<p>Para este 16 de abril el personal de enfermer\u00eda estar\u00eda desplazado en los corregimientos de Virgen del Carmen y Pocr\u00ed en Aguadulce adem\u00e1s del corregimiento de R\u00edo Hato en Ant\u00f3n para culminar ya con la jornada en la que decenas de enfermeras se desplazaron a comunidades de los 53 corregimiento de la provincia incluidas \u00e1reas de dif\u00edcil acceso.<\/p>\n\n\n\n<p>A nivel nacional el Ministerio de Salud hab\u00eda informado que deber\u00edan vacunarse cerca de 293 mil 646 infantes entre uno y cuatro a\u00f1os, mientras que en la provincia de Cocl\u00e9 la poblaci\u00f3n infantil a vacunar alcanzaba los 18 mil 109 ni\u00f1os.<\/p>\n","protected":false},"excerpt":{"rendered":"<p>EDILSA GONZ\u00c1LEZ ROCA M\u00e1s del 90% de la poblaci\u00f3n infantil entre 1 a 4 a\u00f1os de la provincia de Cocl\u00e9 ya fue vacunada contra el Sarampi\u00f3n, as\u00ed se desprende de las estad\u00edsticas de la Campa\u00f1a Nacional de Vacunaci\u00f3n Contra el Sarampi\u00f3n y la Rub\u00e9ola que culmin\u00f3 este 16 de abril de 2024. Seg\u00fan el reporte [&hellip;]<\/p>\n","protected":false},"author":2,"featured_media":11279,"comment_status":"open","ping_status":"open","sticky":false,"template":"","format":"standard","meta":{"footnotes":""},"categories":[1,16],"tags":[],"class_list":["post-11281","post","type-post","status-publish","format-standard","has-post-thumbnail","hentry","category-noticias","category-salud"],"_links":{"self":[{"href":"https:\/\/mifavorita.com.pa\/2017\/wp-json\/wp\/v2\/posts\/11281","targetHints":{"allow":["GET"]}}],"collection":[{"href":"https:\/\/mifavorita.com.pa\/2017\/wp-json\/wp\/v2\/posts"}],"about":[{"href":"https:\/\/mifavorita.com.pa\/2017\/wp-json\/wp\/v2\/types\/post"}],"author":[{"embeddable":true,"href":"https:\/\/mifavorita.com.pa\/2017\/wp-json\/wp\/v2\/users\/2"}],"replies":[{"embeddable":true,"href":"https:\/\/mifavorita.com.pa\/2017\/wp-json\/wp\/v2\/comments?post=11281"}],"version-history":[{"count":1,"href":"https:\/\/mifavorita.com.pa\/2017\/wp-json\/wp\/v2\/posts\/11281\/revisions"}],"predecessor-version":[{"id":11282,"href":"https:\/\/mifavorita.com.pa\/2017\/wp-json\/wp\/v2\/posts\/11281\/revisions\/11282"}],"wp:featuredmedia":[{"embeddable":true,"href":"https:\/\/mifavorita.com.pa\/2017\/wp-json\/wp\/v2\/media\/11279"}],"wp:attachment":[{"href":"https:\/\/mifavorita.com.pa\/2017\/wp-json\/wp\/v2\/media?parent=11281"}],"wp:term":[{"taxonomy":"category","embeddable":true,"href":"https:\/\/mifavorita.com.pa\/2017\/wp-json\/wp\/v2\/categories?post=11281"},{"taxonomy":"post_tag","embeddable":true,"href":"https:\/\/mifavorita.com.pa\/2017\/wp-json\/wp\/v2\/tags?post=11281"}],"curies":[{"name":"wp","href":"https:\/\/api.w.org\/{rel}","templated":true}]}}