{"id":11285,"date":"2024-04-17T13:20:18","date_gmt":"2024-04-17T13:20:18","guid":{"rendered":"https:\/\/mifavorita.com.pa\/2017\/?p=11285"},"modified":"2024-12-30T13:48:13","modified_gmt":"2024-12-30T13:48:13","slug":"bomberos-y-policia-rescatan-a-mujer-de-la-india-dormida-que-habia-sufrido-una-lesion","status":"publish","type":"post","link":"https:\/\/mifavorita.com.pa\/2017\/bomberos-y-policia-rescatan-a-mujer-de-la-india-dormida-que-habia-sufrido-una-lesion\/","title":{"rendered":"BOMBEROS Y POLIC\u00cdA RESCATAN A MUJER DE LA INDIA DORMIDA QUE HAB\u00cdA SUFRIDO UNA LESI\u00d3N"},"content":{"rendered":"\n<p>DAMGELA DE LE\u00d3N&nbsp;<\/p>\n\n\n\n<p>Una mujer de entre 20 y 30 a\u00f1os fue rescatada la tarde del domingo 14 de abril, cuando sufri\u00f3 una ca\u00edda que le caus\u00f3 una lesi\u00f3n en el tobillo&nbsp;en la cima&nbsp;de la India Dormida en El Valle de Ant\u00f3n, lo que le imped\u00eda la movilidad por s\u00ed misma. Afortunadamente, unidades de la Polic\u00eda Nacional y personal de extinci\u00f3n, b\u00fasqueda y recate del cuerpo de bomberos, pudieron llegar al sitio r\u00e1pidamente y realizar el traslado.&nbsp;<\/p>\n\n\n\n<p>Este caso se pudo conocer a trav\u00e9s de recorridos preventivos que hace el personal de la polic\u00eda ambienta, rural y tur\u00edstica en la zona.&nbsp;Una vez se lleg\u00f3 a un punto seguro para el transporte, la mujer pudo ser llevada al centro de salud de este corregimiento a recibir atenci\u00f3n m\u00e9dica de inmediato.&nbsp;<\/p>\n\n\n\n<p>Tambi\u00e9n se pudo conocer que la mujer de origen venezolanocon residencia en la capital, iba en descenso en este sendero, cuando no logr\u00f3 afirmar de forma correcta el pie, causando la lesi\u00f3n.<\/p>\n\n\n\n<figure class=\"wp-block-image size-large\"><img fetchpriority=\"high\" decoding=\"async\" width=\"576\" height=\"1024\" src=\"https:\/\/mifavorita.com.pa\/2017\/wp-content\/uploads\/2024\/04\/img_3981637116749837261669-576x1024.jpg\" alt=\"\" class=\"wp-image-11284\" srcset=\"https:\/\/mifavorita.com.pa\/2017\/wp-content\/uploads\/2024\/04\/img_3981637116749837261669-576x1024.jpg 576w, https:\/\/mifavorita.com.pa\/2017\/wp-content\/uploads\/2024\/04\/img_3981637116749837261669-169x300.jpg 169w, https:\/\/mifavorita.com.pa\/2017\/wp-content\/uploads\/2024\/04\/img_3981637116749837261669-768x1365.jpg 768w, https:\/\/mifavorita.com.pa\/2017\/wp-content\/uploads\/2024\/04\/img_3981637116749837261669-864x1536.jpg 864w, https:\/\/mifavorita.com.pa\/2017\/wp-content\/uploads\/2024\/04\/img_3981637116749837261669.jpg 900w\" sizes=\"(max-width: 576px) 100vw, 576px\" \/><\/figure>\n\n\n\n<p>Esta informaci\u00f3n&nbsp;fue divulgada&nbsp;a trav\u00e9s de las cuentas de la red social X de los Bomberos y la Polic\u00eda Nacional, que publicaron im\u00e1genes de lo sucedido durante este rescate, que,&nbsp;por la dificultad del sendero, se requiri\u00f3 de coordinaci\u00f3n junto a los acompa\u00f1antes de la persona rescatada.&nbsp;<\/p>\n\n\n\n<p>En reiteradas ocasiones, ambas cuentas de X, exponen qu\u00e9 hacer en estos casos cuando se acude a zonas tur\u00edsticas apartadas, sobre todo en monta\u00f1as, recomendando siempre mantener los n\u00fameros de emergencia a mano, contar con un gu\u00eda del \u00e1rea para que pueda acompa\u00f1ar, y no hacer el recorrido solos, puesto que la zona es de dificultad media.&nbsp;<\/p>\n","protected":false},"excerpt":{"rendered":"<p>DAMGELA DE LE\u00d3N&nbsp; Una mujer de entre 20 y 30 a\u00f1os fue rescatada la tarde del domingo 14 de abril, cuando sufri\u00f3 una ca\u00edda que le caus\u00f3 una lesi\u00f3n en el tobillo&nbsp;en la cima&nbsp;de la India Dormida en El Valle de Ant\u00f3n, lo que le imped\u00eda la movilidad por s\u00ed misma. Afortunadamente, unidades de la [&hellip;]<\/p>\n","protected":false},"author":2,"featured_media":11283,"comment_status":"open","ping_status":"open","sticky":false,"template":"","format":"standard","meta":{"footnotes":""},"categories":[17,1],"tags":[],"class_list":["post-11285","post","type-post","status-publish","format-standard","has-post-thumbnail","hentry","category-comunitaria","category-noticias"],"_links":{"self":[{"href":"https:\/\/mifavorita.com.pa\/2017\/wp-json\/wp\/v2\/posts\/11285","targetHints":{"allow":["GET"]}}],"collection":[{"href":"https:\/\/mifavorita.com.pa\/2017\/wp-json\/wp\/v2\/posts"}],"about":[{"href":"https:\/\/mifavorita.com.pa\/2017\/wp-json\/wp\/v2\/types\/post"}],"author":[{"embeddable":true,"href":"https:\/\/mifavorita.com.pa\/2017\/wp-json\/wp\/v2\/users\/2"}],"replies":[{"embeddable":true,"href":"https:\/\/mifavorita.com.pa\/2017\/wp-json\/wp\/v2\/comments?post=11285"}],"version-history":[{"count":1,"href":"https:\/\/mifavorita.com.pa\/2017\/wp-json\/wp\/v2\/posts\/11285\/revisions"}],"predecessor-version":[{"id":11286,"href":"https:\/\/mifavorita.com.pa\/2017\/wp-json\/wp\/v2\/posts\/11285\/revisions\/11286"}],"wp:featuredmedia":[{"embeddable":true,"href":"https:\/\/mifavorita.com.pa\/2017\/wp-json\/wp\/v2\/media\/11283"}],"wp:attachment":[{"href":"https:\/\/mifavorita.com.pa\/2017\/wp-json\/wp\/v2\/media?parent=11285"}],"wp:term":[{"taxonomy":"category","embeddable":true,"href":"https:\/\/mifavorita.com.pa\/2017\/wp-json\/wp\/v2\/categories?post=11285"},{"taxonomy":"post_tag","embeddable":true,"href":"https:\/\/mifavorita.com.pa\/2017\/wp-json\/wp\/v2\/tags?post=11285"}],"curies":[{"name":"wp","href":"https:\/\/api.w.org\/{rel}","templated":true}]}}