{"id":11290,"date":"2024-04-17T13:22:07","date_gmt":"2024-04-17T13:22:07","guid":{"rendered":"https:\/\/mifavorita.com.pa\/2017\/?p=11290"},"modified":"2024-12-30T13:48:06","modified_gmt":"2024-12-30T13:48:06","slug":"inauguracion-de-un-aula-de-recursos-en-el-iphe-de-anton-beneficiara-a-200-estudiantes-de-esta-institucion","status":"publish","type":"post","link":"https:\/\/mifavorita.com.pa\/2017\/inauguracion-de-un-aula-de-recursos-en-el-iphe-de-anton-beneficiara-a-200-estudiantes-de-esta-institucion\/","title":{"rendered":"INAUGURACI\u00d3N DE UN AULA DE RECURSOS EN EL IPHE DE ANT\u00d3N BENEFICIAR\u00c1 A 200 ESTUDIANTES DE ESTA INSTITUCI\u00d3N"},"content":{"rendered":"\n<p>DAMGELA DE LE\u00d3N<\/p>\n\n\n\n<p>Por m\u00e1s de 25 mil d\u00f3lares, el Instituto Paname\u00f1o de Habilitaci\u00f3n Especial, en su extensi\u00f3n de Ant\u00f3n, inaugur\u00f3 un aula de recursos que beneficiar\u00e1 a unos 200 estudiantes de diversas comunidades como el Valle, San Carlos, San Juan De Dios y R\u00edo Hato. Este centro cuenta con espacios destinados al desarrollo de habilidades de los ni\u00f1os que asisten a este centro.&nbsp;<\/p>\n\n\n\n<p>\u00c1rea de tecnolog\u00edas, lecto-escritura y l\u00f3gico-matem\u00e1ticas, son incluidas en esta aula que estar\u00e1 a cargo del equipo t\u00e9cnico de fonoaudiolog\u00eda, y estar\u00e1 disponible para todo aquel docente que lo requiera utilizar.<\/p>\n\n\n\n<figure class=\"wp-block-image size-large\"><img fetchpriority=\"high\" decoding=\"async\" width=\"1024\" height=\"666\" src=\"https:\/\/mifavorita.com.pa\/2017\/wp-content\/uploads\/2024\/04\/img-20240416-wa02357551461915690016163-1024x666.jpg\" alt=\"\" class=\"wp-image-11288\" srcset=\"https:\/\/mifavorita.com.pa\/2017\/wp-content\/uploads\/2024\/04\/img-20240416-wa02357551461915690016163-1024x666.jpg 1024w, https:\/\/mifavorita.com.pa\/2017\/wp-content\/uploads\/2024\/04\/img-20240416-wa02357551461915690016163-300x195.jpg 300w, https:\/\/mifavorita.com.pa\/2017\/wp-content\/uploads\/2024\/04\/img-20240416-wa02357551461915690016163-768x499.jpg 768w, https:\/\/mifavorita.com.pa\/2017\/wp-content\/uploads\/2024\/04\/img-20240416-wa02357551461915690016163-1536x998.jpg 1536w, https:\/\/mifavorita.com.pa\/2017\/wp-content\/uploads\/2024\/04\/img-20240416-wa02357551461915690016163-1200x780.jpg 1200w, https:\/\/mifavorita.com.pa\/2017\/wp-content\/uploads\/2024\/04\/img-20240416-wa02357551461915690016163.jpg 1600w\" sizes=\"(max-width: 1024px) 100vw, 1024px\" \/><\/figure>\n\n\n\n<p>Marissa Canales, directora general del IPHE, coment\u00f3 la importancia para el neurodesarrollo de los infantes, la implementaci\u00f3n de estas aulas inauguradas en diversos centros de la instituci\u00f3n, siendo ya 4 en Cocl\u00e9; tambi\u00e9n se\u00f1al\u00f3 que estos proyectos son posibles con el apoyo financiero de la Loter\u00eda Nacional de Beneficencia.<\/p>\n\n\n\n<p>La fonoadi\u00f3loga, Lissbeth Guardia, parte fundamental del aula, tambi\u00e9n coment\u00f3 que cada estudiante tiene la posibilidad de desarrollar sus capacidades con el esfuerzo y las herramientas necesarias, pese a cualquier discapacidad, siempre adaptando los contenidos de aprendizaje.<\/p>\n\n\n\n<figure class=\"wp-block-image size-large\"><img decoding=\"async\" width=\"1024\" height=\"576\" src=\"https:\/\/mifavorita.com.pa\/2017\/wp-content\/uploads\/2024\/04\/img-20240416-wa02363357387675175980601-1024x576.jpg\" alt=\"\" class=\"wp-image-11289\" srcset=\"https:\/\/mifavorita.com.pa\/2017\/wp-content\/uploads\/2024\/04\/img-20240416-wa02363357387675175980601-1024x576.jpg 1024w, https:\/\/mifavorita.com.pa\/2017\/wp-content\/uploads\/2024\/04\/img-20240416-wa02363357387675175980601-300x169.jpg 300w, https:\/\/mifavorita.com.pa\/2017\/wp-content\/uploads\/2024\/04\/img-20240416-wa02363357387675175980601-768x432.jpg 768w, https:\/\/mifavorita.com.pa\/2017\/wp-content\/uploads\/2024\/04\/img-20240416-wa02363357387675175980601-1536x864.jpg 1536w, https:\/\/mifavorita.com.pa\/2017\/wp-content\/uploads\/2024\/04\/img-20240416-wa02363357387675175980601-1200x675.jpg 1200w, https:\/\/mifavorita.com.pa\/2017\/wp-content\/uploads\/2024\/04\/img-20240416-wa02363357387675175980601.jpg 1600w\" sizes=\"(max-width: 1024px) 100vw, 1024px\" \/><\/figure>\n\n\n\n<p>Este aula tambi\u00e9n busca que los padres puedan confeccionar materiales de apoyo para los estudiantes, realizar docencias, talleres o acceder a cualquier recurso educativo.&nbsp;<\/p>\n","protected":false},"excerpt":{"rendered":"<p>DAMGELA DE LE\u00d3N Por m\u00e1s de 25 mil d\u00f3lares, el Instituto Paname\u00f1o de Habilitaci\u00f3n Especial, en su extensi\u00f3n de Ant\u00f3n, inaugur\u00f3 un aula de recursos que beneficiar\u00e1 a unos 200 estudiantes de diversas comunidades como el Valle, San Carlos, San Juan De Dios y R\u00edo Hato. Este centro cuenta con espacios destinados al desarrollo de [&hellip;]<\/p>\n","protected":false},"author":2,"featured_media":11287,"comment_status":"open","ping_status":"open","sticky":false,"template":"","format":"standard","meta":{"footnotes":""},"categories":[17,1],"tags":[],"class_list":["post-11290","post","type-post","status-publish","format-standard","has-post-thumbnail","hentry","category-comunitaria","category-noticias"],"_links":{"self":[{"href":"https:\/\/mifavorita.com.pa\/2017\/wp-json\/wp\/v2\/posts\/11290","targetHints":{"allow":["GET"]}}],"collection":[{"href":"https:\/\/mifavorita.com.pa\/2017\/wp-json\/wp\/v2\/posts"}],"about":[{"href":"https:\/\/mifavorita.com.pa\/2017\/wp-json\/wp\/v2\/types\/post"}],"author":[{"embeddable":true,"href":"https:\/\/mifavorita.com.pa\/2017\/wp-json\/wp\/v2\/users\/2"}],"replies":[{"embeddable":true,"href":"https:\/\/mifavorita.com.pa\/2017\/wp-json\/wp\/v2\/comments?post=11290"}],"version-history":[{"count":1,"href":"https:\/\/mifavorita.com.pa\/2017\/wp-json\/wp\/v2\/posts\/11290\/revisions"}],"predecessor-version":[{"id":11291,"href":"https:\/\/mifavorita.com.pa\/2017\/wp-json\/wp\/v2\/posts\/11290\/revisions\/11291"}],"wp:featuredmedia":[{"embeddable":true,"href":"https:\/\/mifavorita.com.pa\/2017\/wp-json\/wp\/v2\/media\/11287"}],"wp:attachment":[{"href":"https:\/\/mifavorita.com.pa\/2017\/wp-json\/wp\/v2\/media?parent=11290"}],"wp:term":[{"taxonomy":"category","embeddable":true,"href":"https:\/\/mifavorita.com.pa\/2017\/wp-json\/wp\/v2\/categories?post=11290"},{"taxonomy":"post_tag","embeddable":true,"href":"https:\/\/mifavorita.com.pa\/2017\/wp-json\/wp\/v2\/tags?post=11290"}],"curies":[{"name":"wp","href":"https:\/\/api.w.org\/{rel}","templated":true}]}}