{"id":11296,"date":"2024-04-18T00:17:45","date_gmt":"2024-04-18T00:17:45","guid":{"rendered":"https:\/\/mifavorita.com.pa\/2017\/?p=11296"},"modified":"2024-12-30T13:46:56","modified_gmt":"2024-12-30T13:46:56","slug":"alerta-en-cocle-por-casos-de-malaria-importados","status":"publish","type":"post","link":"https:\/\/mifavorita.com.pa\/2017\/alerta-en-cocle-por-casos-de-malaria-importados\/","title":{"rendered":"ALERTA EN COCL\u00c9 POR CASOS DE MALARIA IMPORTADOS"},"content":{"rendered":"\n<p>DARIO FERN\u00c1NDEZ ALZAMORA<\/p>\n\n\n\n<p><br>En la provincia de Cocl\u00e9, aunque no se han reportado casos aut\u00f3ctonos de malaria, la comunidad est\u00e1 en alerta debido a la llegada de personas contagiadas provenientes del Dari\u00e9n y la comarca Guna Yala. El Ministerio de Salud (MINSA) y la Caja del Seguro Social (CSS) han activado de inmediato el protocolo de salud para el tratamiento de esta enfermedad.<\/p>\n\n\n\n<p><br>Emilio Salazar, encargado del Departamento de Control de Vectores del MINSA en Cocl\u00e9, inform\u00f3 que el primer caso lleg\u00f3 desde la Comarca Guna Yala en enero, seguido por otro caso en febrero proveniente de Pinogama en Dari\u00e9n. Adem\u00e1s, recientemente, un integrante del SENAFRONT que labora en Jaqu\u00e9, tambi\u00e9n en Dari\u00e9n, complet\u00f3 su tratamiento el s\u00e1bado 13.<\/p>\n\n\n\n<figure class=\"wp-block-image size-large\"><img fetchpriority=\"high\" decoding=\"async\" width=\"300\" height=\"224\" src=\"https:\/\/mifavorita.com.pa\/2017\/wp-content\/uploads\/2024\/04\/img-20240417-wa021914573714497045922840-300x224.jpg\" alt=\"\" class=\"wp-image-11293\" srcset=\"https:\/\/mifavorita.com.pa\/2017\/wp-content\/uploads\/2024\/04\/img-20240417-wa021914573714497045922840-300x224.jpg 300w, https:\/\/mifavorita.com.pa\/2017\/wp-content\/uploads\/2024\/04\/img-20240417-wa021914573714497045922840-768x574.jpg 768w, https:\/\/mifavorita.com.pa\/2017\/wp-content\/uploads\/2024\/04\/img-20240417-wa021914573714497045922840.jpg 1000w\" sizes=\"(max-width: 300px) 100vw, 300px\" \/><\/figure>\n\n\n\n<p><br>La malaria, transmitida por el mosquito anofeles, es una preocupaci\u00f3n en la provincia, ya que este vector est\u00e1 presente en la regi\u00f3n. Tanto el MINSA como la CSS mantienen una estricta vigilancia ante cualquier paciente que presente s\u00edntomas, con el objetivo de prevenir la propagaci\u00f3n de la enfermedad.<\/p>\n\n\n\n<p><br>Los tratamientos para la malaria pueden variar entre 7 y 14 d\u00edas, y se recomienda a la poblaci\u00f3n el uso de mosquiteros. En caso de presentar s\u00edntomas similares a un resfriado fuerte, es fundamental acudir al m\u00e9dico para realizar ex\u00e1menes de laboratorio y determinar el tratamiento adecuado.<br>En caso de confirmarse un caso de malaria, se organizan nebulizaciones en el \u00e1rea donde reside la persona afectada, como medida de prevenci\u00f3n adicional.<\/p>\n\n\n\n<figure class=\"wp-block-image size-large\"><img decoding=\"async\" width=\"300\" height=\"224\" src=\"https:\/\/mifavorita.com.pa\/2017\/wp-content\/uploads\/2024\/04\/img-20240417-wa0220452221129053867726-300x224.jpg\" alt=\"\" class=\"wp-image-11295\" srcset=\"https:\/\/mifavorita.com.pa\/2017\/wp-content\/uploads\/2024\/04\/img-20240417-wa0220452221129053867726-300x224.jpg 300w, https:\/\/mifavorita.com.pa\/2017\/wp-content\/uploads\/2024\/04\/img-20240417-wa0220452221129053867726-768x574.jpg 768w, https:\/\/mifavorita.com.pa\/2017\/wp-content\/uploads\/2024\/04\/img-20240417-wa0220452221129053867726.jpg 1000w\" sizes=\"(max-width: 300px) 100vw, 300px\" \/><\/figure>\n\n\n\n<p><br>La comunidad de Cocl\u00e9 est\u00e1 siendo instruida sobre las medidas preventivas y la importancia de la detecci\u00f3n temprana para evitar la propagaci\u00f3n de esta enfermedad transmitida por<\/p>\n","protected":false},"excerpt":{"rendered":"<p>DARIO FERN\u00c1NDEZ ALZAMORA En la provincia de Cocl\u00e9, aunque no se han reportado casos aut\u00f3ctonos de malaria, la comunidad est\u00e1 en alerta debido a la llegada de personas contagiadas provenientes del Dari\u00e9n y la comarca Guna Yala. El Ministerio de Salud (MINSA) y la Caja del Seguro Social (CSS) han activado de inmediato el protocolo [&hellip;]<\/p>\n","protected":false},"author":2,"featured_media":11292,"comment_status":"open","ping_status":"open","sticky":false,"template":"","format":"standard","meta":{"footnotes":""},"categories":[1,16],"tags":[],"class_list":["post-11296","post","type-post","status-publish","format-standard","has-post-thumbnail","hentry","category-noticias","category-salud"],"_links":{"self":[{"href":"https:\/\/mifavorita.com.pa\/2017\/wp-json\/wp\/v2\/posts\/11296","targetHints":{"allow":["GET"]}}],"collection":[{"href":"https:\/\/mifavorita.com.pa\/2017\/wp-json\/wp\/v2\/posts"}],"about":[{"href":"https:\/\/mifavorita.com.pa\/2017\/wp-json\/wp\/v2\/types\/post"}],"author":[{"embeddable":true,"href":"https:\/\/mifavorita.com.pa\/2017\/wp-json\/wp\/v2\/users\/2"}],"replies":[{"embeddable":true,"href":"https:\/\/mifavorita.com.pa\/2017\/wp-json\/wp\/v2\/comments?post=11296"}],"version-history":[{"count":1,"href":"https:\/\/mifavorita.com.pa\/2017\/wp-json\/wp\/v2\/posts\/11296\/revisions"}],"predecessor-version":[{"id":11297,"href":"https:\/\/mifavorita.com.pa\/2017\/wp-json\/wp\/v2\/posts\/11296\/revisions\/11297"}],"wp:featuredmedia":[{"embeddable":true,"href":"https:\/\/mifavorita.com.pa\/2017\/wp-json\/wp\/v2\/media\/11292"}],"wp:attachment":[{"href":"https:\/\/mifavorita.com.pa\/2017\/wp-json\/wp\/v2\/media?parent=11296"}],"wp:term":[{"taxonomy":"category","embeddable":true,"href":"https:\/\/mifavorita.com.pa\/2017\/wp-json\/wp\/v2\/categories?post=11296"},{"taxonomy":"post_tag","embeddable":true,"href":"https:\/\/mifavorita.com.pa\/2017\/wp-json\/wp\/v2\/tags?post=11296"}],"curies":[{"name":"wp","href":"https:\/\/api.w.org\/{rel}","templated":true}]}}