{"id":11299,"date":"2024-04-19T13:01:50","date_gmt":"2024-04-19T13:01:50","guid":{"rendered":"https:\/\/mifavorita.com.pa\/2017\/?p=11299"},"modified":"2024-12-30T13:46:50","modified_gmt":"2024-12-30T13:46:50","slug":"madres-de-familia-del-iphe-de-anton-se-capacitan-en-curso-de-reposteria-y-boquitas-buscan-emprender","status":"publish","type":"post","link":"https:\/\/mifavorita.com.pa\/2017\/madres-de-familia-del-iphe-de-anton-se-capacitan-en-curso-de-reposteria-y-boquitas-buscan-emprender\/","title":{"rendered":"MADRES DE FAMILIA DEL IPHE DE ANT\u00d3N SE CAPACITAN EN CURSO DE REPOSTER\u00cdA Y BOQUITAS, BUSCAN EMPRENDER"},"content":{"rendered":"\n<p>DAMGELA DE LE\u00d3N<\/p>\n\n\n\n<p>Unas 20 madres de familia del Instituto Paname\u00f1o de Habilitaci\u00f3n Especial de Ant\u00f3n, est\u00e1n siendo beneficiadas con un curso de reposter\u00eda y boquitas impartido por el Instituto Nacional de Formaci\u00f3n Profesional y Capacitaci\u00f3n para el Desarrollo Humano, todo con el objetivo que puedan emprender sus propios negocios mientras atienden a sus hijos con discapacidad.<\/p>\n\n\n\n<p><br>Las clases son impartidas en el mismo centro educativo, en donde en horas de la ma\u00f1ana, mientras sus ni\u00f1os son atendidos por docentes y t\u00e9cnicos especializados, ellas aprenden diversas recetas sencillas para presentar en una mesa de brindis como enrollados, postres, panecillos, empanadas y presentaci\u00f3n de los mismos.<\/p>\n\n\n\n<p><br>Yusebilen Ort\u00edz, una de estas madres, coment\u00f3 que su experiencia dentro de este curso ha sido magn\u00edfica, ya que, aunque ten\u00eda conocimientos previos en la cocina, ha aprendido nuevas t\u00e9cnicas, y ha compartido con sus compa\u00f1eras ya que este espacio les proporciona momentos de esparcimiento entre todas, e invit\u00f3 a madres de ni\u00f1os con discapacidad a no quedarse a esperar las oportunidades, sino a salir adelante.<\/p>\n\n\n\n<p><br>Se espera que una vez completen este curso, cada una de ellas sea capaz de ofrecer sus conocimientos en sus comunidades de donde provienen, incluso del municipio vecino de San Carlos.<\/p>\n","protected":false},"excerpt":{"rendered":"<p>DAMGELA DE LE\u00d3N Unas 20 madres de familia del Instituto Paname\u00f1o de Habilitaci\u00f3n Especial de Ant\u00f3n, est\u00e1n siendo beneficiadas con un curso de reposter\u00eda y boquitas impartido por el Instituto Nacional de Formaci\u00f3n Profesional y Capacitaci\u00f3n para el Desarrollo Humano, todo con el objetivo que puedan emprender sus propios negocios mientras atienden a sus hijos [&hellip;]<\/p>\n","protected":false},"author":2,"featured_media":11298,"comment_status":"open","ping_status":"open","sticky":false,"template":"","format":"standard","meta":{"footnotes":""},"categories":[17,1],"tags":[],"class_list":["post-11299","post","type-post","status-publish","format-standard","has-post-thumbnail","hentry","category-comunitaria","category-noticias"],"_links":{"self":[{"href":"https:\/\/mifavorita.com.pa\/2017\/wp-json\/wp\/v2\/posts\/11299","targetHints":{"allow":["GET"]}}],"collection":[{"href":"https:\/\/mifavorita.com.pa\/2017\/wp-json\/wp\/v2\/posts"}],"about":[{"href":"https:\/\/mifavorita.com.pa\/2017\/wp-json\/wp\/v2\/types\/post"}],"author":[{"embeddable":true,"href":"https:\/\/mifavorita.com.pa\/2017\/wp-json\/wp\/v2\/users\/2"}],"replies":[{"embeddable":true,"href":"https:\/\/mifavorita.com.pa\/2017\/wp-json\/wp\/v2\/comments?post=11299"}],"version-history":[{"count":1,"href":"https:\/\/mifavorita.com.pa\/2017\/wp-json\/wp\/v2\/posts\/11299\/revisions"}],"predecessor-version":[{"id":11300,"href":"https:\/\/mifavorita.com.pa\/2017\/wp-json\/wp\/v2\/posts\/11299\/revisions\/11300"}],"wp:featuredmedia":[{"embeddable":true,"href":"https:\/\/mifavorita.com.pa\/2017\/wp-json\/wp\/v2\/media\/11298"}],"wp:attachment":[{"href":"https:\/\/mifavorita.com.pa\/2017\/wp-json\/wp\/v2\/media?parent=11299"}],"wp:term":[{"taxonomy":"category","embeddable":true,"href":"https:\/\/mifavorita.com.pa\/2017\/wp-json\/wp\/v2\/categories?post=11299"},{"taxonomy":"post_tag","embeddable":true,"href":"https:\/\/mifavorita.com.pa\/2017\/wp-json\/wp\/v2\/tags?post=11299"}],"curies":[{"name":"wp","href":"https:\/\/api.w.org\/{rel}","templated":true}]}}