{"id":11304,"date":"2024-04-19T13:07:44","date_gmt":"2024-04-19T13:07:44","guid":{"rendered":"https:\/\/mifavorita.com.pa\/2017\/?p=11304"},"modified":"2024-12-30T13:48:24","modified_gmt":"2024-12-30T13:48:24","slug":"vertedero-de-anton-aun-no-tiene-solucion-definitiva-mientras-los-residentes-de-areas-cercanas-piden-su-traslado","status":"publish","type":"post","link":"https:\/\/mifavorita.com.pa\/2017\/vertedero-de-anton-aun-no-tiene-solucion-definitiva-mientras-los-residentes-de-areas-cercanas-piden-su-traslado\/","title":{"rendered":"VERTEDERO DE ANT\u00d3N A\u00daN NO TIENE SOLUCI\u00d3N DEFINITIVA, MIENTRAS LOS RESIDENTES DE \u00c1REAS CERCANAS PIDEN SU TRASLADO"},"content":{"rendered":"\n<p>DAMGELA DE LE\u00d3N<\/p>\n\n\n\n<p>Sin soluciones a corto plazo, as\u00ed est\u00e1n los residentes de las \u00e1reas cercanas al vertedero del distrito de Ant\u00f3n, como El Jobo y El Jaguito, ya que, aunque ellos exigen el traslado inmediato hacia otro lugar de esta zona de desechos, tanto los ediles como el alcalde, indican que es un tema complejo que debe ser analizado tambi\u00e9n por las autoridades del gobierno central como emergencia sanitaria.<\/p>\n\n\n\n<p><br>Todo esto fue discutido mediante sesi\u00f3n del concejo municipal, el cual fue realizado en el Gimnasio de Ant\u00f3n, para que la ciudadan\u00eda pudiese participar, asimismo se le concedi\u00f3 cortes\u00eda de sala a las instituciones como el SINAPROC, Ministerio de Ambiente, Ministerio de Salud, Bomberos y Autoridad de Aseo, que enviaron a funcionarios con excepci\u00f3n de esta \u00faltima entidad, que seg\u00fan comentaron los representantes era la m\u00e1s importante.<\/p>\n\n\n\n<figure class=\"wp-block-image size-large\"><img fetchpriority=\"high\" decoding=\"async\" width=\"1024\" height=\"576\" src=\"https:\/\/mifavorita.com.pa\/2017\/wp-content\/uploads\/2024\/04\/img-20240418-wa00393009075143953708535-1024x576.jpg\" alt=\"\" class=\"wp-image-11302\" srcset=\"https:\/\/mifavorita.com.pa\/2017\/wp-content\/uploads\/2024\/04\/img-20240418-wa00393009075143953708535-1024x576.jpg 1024w, https:\/\/mifavorita.com.pa\/2017\/wp-content\/uploads\/2024\/04\/img-20240418-wa00393009075143953708535-300x169.jpg 300w, https:\/\/mifavorita.com.pa\/2017\/wp-content\/uploads\/2024\/04\/img-20240418-wa00393009075143953708535-768x432.jpg 768w, https:\/\/mifavorita.com.pa\/2017\/wp-content\/uploads\/2024\/04\/img-20240418-wa00393009075143953708535-1536x864.jpg 1536w, https:\/\/mifavorita.com.pa\/2017\/wp-content\/uploads\/2024\/04\/img-20240418-wa00393009075143953708535-1200x675.jpg 1200w, https:\/\/mifavorita.com.pa\/2017\/wp-content\/uploads\/2024\/04\/img-20240418-wa00393009075143953708535.jpg 1600w\" sizes=\"(max-width: 1024px) 100vw, 1024px\" \/><\/figure>\n\n\n\n<p><br>Por su parte, el alcalde del distrito, Eric Dom\u00ednguez, explic\u00f3 que lamentan todo lo que han vivido los residentes de estas zonas, sin embargo, no es factible dejar de depositar la basura en este vertedero, ya que puede convertirse en un peligro sanitario.<\/p>\n\n\n\n<p><br>Tambi\u00e9n explic\u00f3 que requieren cooperaci\u00f3n de residentes de otros municipios para no seguir acumulando desechos en la v\u00eda interamericana, puesto que se suman a la labor que realizan diariamente, al recolectar hasta dos camiones provenientes de otros sectores.<\/p>\n\n\n\n<p><br>Los residentes fueron directos, no quieren m\u00e1s el vertedero en este sector, en ese sentido, Luis Vargas, dijo que espera que por lo menos los hoteles del sector, que son los que m\u00e1s generan desechos, implementen programas de reciclaje, o que se establezca una planta de reciclaje.<\/p>\n\n\n\n<figure class=\"wp-block-image size-large\"><img decoding=\"async\" width=\"1024\" height=\"768\" src=\"https:\/\/mifavorita.com.pa\/2017\/wp-content\/uploads\/2024\/04\/img-20240418-wa00414100939670213671142-1024x768.jpg\" alt=\"\" class=\"wp-image-11303\" srcset=\"https:\/\/mifavorita.com.pa\/2017\/wp-content\/uploads\/2024\/04\/img-20240418-wa00414100939670213671142-1024x768.jpg 1024w, https:\/\/mifavorita.com.pa\/2017\/wp-content\/uploads\/2024\/04\/img-20240418-wa00414100939670213671142-300x225.jpg 300w, https:\/\/mifavorita.com.pa\/2017\/wp-content\/uploads\/2024\/04\/img-20240418-wa00414100939670213671142-768x576.jpg 768w, https:\/\/mifavorita.com.pa\/2017\/wp-content\/uploads\/2024\/04\/img-20240418-wa00414100939670213671142-1536x1152.jpg 1536w, https:\/\/mifavorita.com.pa\/2017\/wp-content\/uploads\/2024\/04\/img-20240418-wa00414100939670213671142-1200x900.jpg 1200w, https:\/\/mifavorita.com.pa\/2017\/wp-content\/uploads\/2024\/04\/img-20240418-wa00414100939670213671142.jpg 1600w\" sizes=\"(max-width: 1024px) 100vw, 1024px\" \/><\/figure>\n\n\n\n<p><br>Asimismo, Cristina Vargas, residente afectada, se\u00f1al\u00f3 que no comprenden porque son solo ellos los que sufren las consecuencias de esta situaci\u00f3n, si ni siquiera su basura llega all\u00ed.<br>Se espera que, en una pr\u00f3xima sesi\u00f3n, la Autoridad de Aseo pueda asistir para aportar soluciones a esta problem\u00e1tica, que, aunque se ha agravado estos \u00faltimos d\u00edas, existe desde el 2011.<\/p>\n\n\n\n<p><br>El MINSA anunci\u00f3 que pronto entregar\u00e1n un informe con los resultados de un muestreo de las aguas del r\u00edo La Estancia y evaluaci\u00f3n del sitio.<\/p>\n","protected":false},"excerpt":{"rendered":"<p>DAMGELA DE LE\u00d3N Sin soluciones a corto plazo, as\u00ed est\u00e1n los residentes de las \u00e1reas cercanas al vertedero del distrito de Ant\u00f3n, como El Jobo y El Jaguito, ya que, aunque ellos exigen el traslado inmediato hacia otro lugar de esta zona de desechos, tanto los ediles como el alcalde, indican que es un tema [&hellip;]<\/p>\n","protected":false},"author":2,"featured_media":11301,"comment_status":"open","ping_status":"open","sticky":false,"template":"","format":"standard","meta":{"footnotes":""},"categories":[17,1],"tags":[],"class_list":["post-11304","post","type-post","status-publish","format-standard","has-post-thumbnail","hentry","category-comunitaria","category-noticias"],"_links":{"self":[{"href":"https:\/\/mifavorita.com.pa\/2017\/wp-json\/wp\/v2\/posts\/11304","targetHints":{"allow":["GET"]}}],"collection":[{"href":"https:\/\/mifavorita.com.pa\/2017\/wp-json\/wp\/v2\/posts"}],"about":[{"href":"https:\/\/mifavorita.com.pa\/2017\/wp-json\/wp\/v2\/types\/post"}],"author":[{"embeddable":true,"href":"https:\/\/mifavorita.com.pa\/2017\/wp-json\/wp\/v2\/users\/2"}],"replies":[{"embeddable":true,"href":"https:\/\/mifavorita.com.pa\/2017\/wp-json\/wp\/v2\/comments?post=11304"}],"version-history":[{"count":1,"href":"https:\/\/mifavorita.com.pa\/2017\/wp-json\/wp\/v2\/posts\/11304\/revisions"}],"predecessor-version":[{"id":11305,"href":"https:\/\/mifavorita.com.pa\/2017\/wp-json\/wp\/v2\/posts\/11304\/revisions\/11305"}],"wp:featuredmedia":[{"embeddable":true,"href":"https:\/\/mifavorita.com.pa\/2017\/wp-json\/wp\/v2\/media\/11301"}],"wp:attachment":[{"href":"https:\/\/mifavorita.com.pa\/2017\/wp-json\/wp\/v2\/media?parent=11304"}],"wp:term":[{"taxonomy":"category","embeddable":true,"href":"https:\/\/mifavorita.com.pa\/2017\/wp-json\/wp\/v2\/categories?post=11304"},{"taxonomy":"post_tag","embeddable":true,"href":"https:\/\/mifavorita.com.pa\/2017\/wp-json\/wp\/v2\/tags?post=11304"}],"curies":[{"name":"wp","href":"https:\/\/api.w.org\/{rel}","templated":true}]}}