{"id":11307,"date":"2024-04-19T15:09:20","date_gmt":"2024-04-19T15:09:20","guid":{"rendered":"https:\/\/mifavorita.com.pa\/2017\/?p=11307"},"modified":"2024-12-30T13:48:20","modified_gmt":"2024-12-30T13:48:20","slug":"cierre-temporal-de-la-policlinica-manuel-paulino-ocana-de-penonome-por-mudanza-al-nuevo-edificio","status":"publish","type":"post","link":"https:\/\/mifavorita.com.pa\/2017\/cierre-temporal-de-la-policlinica-manuel-paulino-ocana-de-penonome-por-mudanza-al-nuevo-edificio\/","title":{"rendered":"CIERRE TEMPORAL DE LA POLICL\u00cdNICA MANUEL PAULINO OCA\u00d1A DE PENONOM\u00c9 POR MUDANZA AL NUEVO EDIFICIO."},"content":{"rendered":"\n<p>DARIO FERN\u00c1NDEZ ALZAMORA <\/p>\n\n\n\n<p><br>La Policl\u00ednica Manuel Paulino Oca\u00f1a de Penonom\u00e9 suspender\u00e1 temporalmente sus servicios al p\u00fablico del 20 al 22 de abril debido a su traslado al nuevo edificio, medida que se extender\u00e1 desde las 7:00 a. m. del s\u00e1bado 20 de abril hasta las 7:00 p. m. del lunes 22 de abril de 2024.<\/p>\n\n\n\n<p><br>La directora de la policl\u00ednica, Mar\u00eda del Rosario Morales, explic\u00f3 que la decisi\u00f3n de las autoridades nacionales fue repentina, lo que requiri\u00f3 organizar la mudanza para estos d\u00edas.<\/p>\n\n\n\n<p><br>Morales indic\u00f3 que el personal trabajar\u00e1 durante el fin de semana para asegurar que todos los funcionarios est\u00e9n listos en sus puestos el d\u00eda martes 23 de abril, d\u00eda en que ser\u00e1 inaugurada en presencia del presidente Laurentino Cortizo.<\/p>\n\n\n\n<p><br>Dado el nivel de especializaci\u00f3n de la policl\u00ednica, equipos como los de laboratorio, radiolog\u00eda y odontolog\u00eda deben ser instalados y supervisados por el departamento t\u00e9cnico de biom\u00e9dica, lo que hace imposible atender a los asegurados durante este per\u00edodo.<\/p>\n\n\n\n<p><br>La doctora sostuvo que, aunque la medida afectar\u00e1 la atenci\u00f3n a los pacientes de Penonom\u00e9 y comunidades cercanas durante este corto periodo, la CSS solicita la comprensi\u00f3n del p\u00fablico debido a la importancia de la inauguraci\u00f3n del nuevo edificio, que ofrecer\u00e1 un espacio m\u00e1s amplio y c\u00f3modo.<\/p>\n\n\n\n<p><br>Las citas programadas para estos d\u00edas ser\u00e1n reprogramadas y los usuarios ser\u00e1n notificados oportunamente acot\u00f3.<\/p>\n","protected":false},"excerpt":{"rendered":"<p>DARIO FERN\u00c1NDEZ ALZAMORA La Policl\u00ednica Manuel Paulino Oca\u00f1a de Penonom\u00e9 suspender\u00e1 temporalmente sus servicios al p\u00fablico del 20 al 22 de abril debido a su traslado al nuevo edificio, medida que se extender\u00e1 desde las 7:00 a. m. del s\u00e1bado 20 de abril hasta las 7:00 p. m. del lunes 22 de abril de 2024. [&hellip;]<\/p>\n","protected":false},"author":2,"featured_media":11306,"comment_status":"open","ping_status":"open","sticky":false,"template":"","format":"standard","meta":{"footnotes":""},"categories":[17,1],"tags":[],"class_list":["post-11307","post","type-post","status-publish","format-standard","has-post-thumbnail","hentry","category-comunitaria","category-noticias"],"_links":{"self":[{"href":"https:\/\/mifavorita.com.pa\/2017\/wp-json\/wp\/v2\/posts\/11307","targetHints":{"allow":["GET"]}}],"collection":[{"href":"https:\/\/mifavorita.com.pa\/2017\/wp-json\/wp\/v2\/posts"}],"about":[{"href":"https:\/\/mifavorita.com.pa\/2017\/wp-json\/wp\/v2\/types\/post"}],"author":[{"embeddable":true,"href":"https:\/\/mifavorita.com.pa\/2017\/wp-json\/wp\/v2\/users\/2"}],"replies":[{"embeddable":true,"href":"https:\/\/mifavorita.com.pa\/2017\/wp-json\/wp\/v2\/comments?post=11307"}],"version-history":[{"count":1,"href":"https:\/\/mifavorita.com.pa\/2017\/wp-json\/wp\/v2\/posts\/11307\/revisions"}],"predecessor-version":[{"id":11308,"href":"https:\/\/mifavorita.com.pa\/2017\/wp-json\/wp\/v2\/posts\/11307\/revisions\/11308"}],"wp:featuredmedia":[{"embeddable":true,"href":"https:\/\/mifavorita.com.pa\/2017\/wp-json\/wp\/v2\/media\/11306"}],"wp:attachment":[{"href":"https:\/\/mifavorita.com.pa\/2017\/wp-json\/wp\/v2\/media?parent=11307"}],"wp:term":[{"taxonomy":"category","embeddable":true,"href":"https:\/\/mifavorita.com.pa\/2017\/wp-json\/wp\/v2\/categories?post=11307"},{"taxonomy":"post_tag","embeddable":true,"href":"https:\/\/mifavorita.com.pa\/2017\/wp-json\/wp\/v2\/tags?post=11307"}],"curies":[{"name":"wp","href":"https:\/\/api.w.org\/{rel}","templated":true}]}}