{"id":11313,"date":"2024-04-20T16:18:44","date_gmt":"2024-04-20T16:18:44","guid":{"rendered":"https:\/\/mifavorita.com.pa\/2017\/?p=11313"},"modified":"2024-12-30T13:45:59","modified_gmt":"2024-12-30T13:45:59","slug":"festival-de-la-piedra-de-jabon-reune-a-mas-de-100-artesanos-y-productores-en-su-cuarta-version","status":"publish","type":"post","link":"https:\/\/mifavorita.com.pa\/2017\/festival-de-la-piedra-de-jabon-reune-a-mas-de-100-artesanos-y-productores-en-su-cuarta-version\/","title":{"rendered":"FESTIVAL DE LA PIEDRA DE JAB\u00d3N REUNE A M\u00c1S DE 100 ARTESANOS Y PRODUCTORES EN SU CUARTA VERSI\u00d3N"},"content":{"rendered":"\n<p>DAMGELA DE LE\u00d3N<\/p>\n\n\n\n<p>M\u00e1s de 100 artesanos y productores se han dado cita en el cuarto Festival de la Piedra Jab\u00f3n en La Mina de Membrillo, actividad folcl\u00f3rica que inici\u00f3 el jueves 18 y culminar\u00e1 este domingo 21 de abril, adem\u00e1s, ya se iniciaron las gestiones para declararlo un decreto ley del distrito de Penonom\u00e9, para resaltar la labor de familias artesanas que tallan esta famosa piedra.<\/p>\n\n\n\n<figure class=\"wp-block-image size-large\"><img fetchpriority=\"high\" decoding=\"async\" width=\"1024\" height=\"563\" src=\"https:\/\/mifavorita.com.pa\/2017\/wp-content\/uploads\/2024\/04\/img-20240419-wa02543634077772411677047-1024x563.jpg\" alt=\"\" class=\"wp-image-11310\" srcset=\"https:\/\/mifavorita.com.pa\/2017\/wp-content\/uploads\/2024\/04\/img-20240419-wa02543634077772411677047-1024x563.jpg 1024w, https:\/\/mifavorita.com.pa\/2017\/wp-content\/uploads\/2024\/04\/img-20240419-wa02543634077772411677047-300x165.jpg 300w, https:\/\/mifavorita.com.pa\/2017\/wp-content\/uploads\/2024\/04\/img-20240419-wa02543634077772411677047-768x422.jpg 768w, https:\/\/mifavorita.com.pa\/2017\/wp-content\/uploads\/2024\/04\/img-20240419-wa02543634077772411677047.jpg 1170w\" sizes=\"(max-width: 1024px) 100vw, 1024px\" \/><\/figure>\n\n\n\n<p><br>Verduras, frutas, bisuter\u00eda, comidas t\u00edpicas, presentaciones en tarima, cumbia, son parte de los atractivos de este Festival, y desde hace 4 a\u00f1os, ha marcado una novedosa celebraci\u00f3n en las monta\u00f1as de Penonom\u00e9. Eduardo Rodr\u00edguez, representante del corregimiento, explic\u00f3 que con esta firma del decreto, esperan m\u00e1s respaldo de las instituciones como el Ministerio de Comercio e Industria, de Cultura y Turismo.<\/p>\n\n\n\n<figure class=\"wp-block-image size-large\"><img decoding=\"async\" width=\"1024\" height=\"576\" src=\"https:\/\/mifavorita.com.pa\/2017\/wp-content\/uploads\/2024\/04\/img-20240419-wa0255252552533193182619-1024x576.jpg\" alt=\"\" class=\"wp-image-11311\" srcset=\"https:\/\/mifavorita.com.pa\/2017\/wp-content\/uploads\/2024\/04\/img-20240419-wa0255252552533193182619-1024x576.jpg 1024w, https:\/\/mifavorita.com.pa\/2017\/wp-content\/uploads\/2024\/04\/img-20240419-wa0255252552533193182619-300x169.jpg 300w, https:\/\/mifavorita.com.pa\/2017\/wp-content\/uploads\/2024\/04\/img-20240419-wa0255252552533193182619-768x432.jpg 768w, https:\/\/mifavorita.com.pa\/2017\/wp-content\/uploads\/2024\/04\/img-20240419-wa0255252552533193182619-1536x864.jpg 1536w, https:\/\/mifavorita.com.pa\/2017\/wp-content\/uploads\/2024\/04\/img-20240419-wa0255252552533193182619-1200x675.jpg 1200w, https:\/\/mifavorita.com.pa\/2017\/wp-content\/uploads\/2024\/04\/img-20240419-wa0255252552533193182619.jpg 1600w\" sizes=\"(max-width: 1024px) 100vw, 1024px\" \/><\/figure>\n\n\n\n<p><br>Por su parte, Ramiro Rodr\u00edguez, presidente del festival, nos mencion\u00f3 todos los atractivos que se ofrecen, ya que, a parte de las ventas, cuentan con recorridos a los geo-sitios de inter\u00e9s como aguas termales y yacimiento de la piedra.<\/p>\n\n\n\n<p><br>Lorenzo Mart\u00ednez, artesano de pintura y tallado en madera, dijo que tienen grandes expectativas para este cuarto festival, impulsando un negocio familiar heredado de su padre, el cual le permite a \u00e9l y a sus hermanos un ingreso, adem\u00e1s que es un arte en el que su hija de 12 a\u00f1os y su nieta de 6, tambi\u00e9n han iniciado.<\/p>\n\n\n\n<figure class=\"wp-block-image size-large\"><img decoding=\"async\" width=\"1024\" height=\"661\" src=\"https:\/\/mifavorita.com.pa\/2017\/wp-content\/uploads\/2024\/04\/img-20240419-wa02523174691651678945708-1024x661.jpg\" alt=\"\" class=\"wp-image-11312\" srcset=\"https:\/\/mifavorita.com.pa\/2017\/wp-content\/uploads\/2024\/04\/img-20240419-wa02523174691651678945708-1024x661.jpg 1024w, https:\/\/mifavorita.com.pa\/2017\/wp-content\/uploads\/2024\/04\/img-20240419-wa02523174691651678945708-300x194.jpg 300w, https:\/\/mifavorita.com.pa\/2017\/wp-content\/uploads\/2024\/04\/img-20240419-wa02523174691651678945708-768x496.jpg 768w, https:\/\/mifavorita.com.pa\/2017\/wp-content\/uploads\/2024\/04\/img-20240419-wa02523174691651678945708-1536x992.jpg 1536w, https:\/\/mifavorita.com.pa\/2017\/wp-content\/uploads\/2024\/04\/img-20240419-wa02523174691651678945708-1200x775.jpg 1200w, https:\/\/mifavorita.com.pa\/2017\/wp-content\/uploads\/2024\/04\/img-20240419-wa02523174691651678945708.jpg 1600w\" sizes=\"(max-width: 1024px) 100vw, 1024px\" \/><\/figure>\n\n\n\n<p><br>Con precios accesibles, estos artesanos y productores esperan con los brazos abiertos a todos los visitantes, junto a su majestad Kimberly Yaneth Moreno Soto.<\/p>\n","protected":false},"excerpt":{"rendered":"<p>DAMGELA DE LE\u00d3N M\u00e1s de 100 artesanos y productores se han dado cita en el cuarto Festival de la Piedra Jab\u00f3n en La Mina de Membrillo, actividad folcl\u00f3rica que inici\u00f3 el jueves 18 y culminar\u00e1 este domingo 21 de abril, adem\u00e1s, ya se iniciaron las gestiones para declararlo un decreto ley del distrito de Penonom\u00e9, [&hellip;]<\/p>\n","protected":false},"author":2,"featured_media":11309,"comment_status":"open","ping_status":"open","sticky":false,"template":"","format":"standard","meta":{"footnotes":""},"categories":[30,1],"tags":[],"class_list":["post-11313","post","type-post","status-publish","format-standard","has-post-thumbnail","hentry","category-cultura","category-noticias"],"_links":{"self":[{"href":"https:\/\/mifavorita.com.pa\/2017\/wp-json\/wp\/v2\/posts\/11313","targetHints":{"allow":["GET"]}}],"collection":[{"href":"https:\/\/mifavorita.com.pa\/2017\/wp-json\/wp\/v2\/posts"}],"about":[{"href":"https:\/\/mifavorita.com.pa\/2017\/wp-json\/wp\/v2\/types\/post"}],"author":[{"embeddable":true,"href":"https:\/\/mifavorita.com.pa\/2017\/wp-json\/wp\/v2\/users\/2"}],"replies":[{"embeddable":true,"href":"https:\/\/mifavorita.com.pa\/2017\/wp-json\/wp\/v2\/comments?post=11313"}],"version-history":[{"count":1,"href":"https:\/\/mifavorita.com.pa\/2017\/wp-json\/wp\/v2\/posts\/11313\/revisions"}],"predecessor-version":[{"id":11314,"href":"https:\/\/mifavorita.com.pa\/2017\/wp-json\/wp\/v2\/posts\/11313\/revisions\/11314"}],"wp:featuredmedia":[{"embeddable":true,"href":"https:\/\/mifavorita.com.pa\/2017\/wp-json\/wp\/v2\/media\/11309"}],"wp:attachment":[{"href":"https:\/\/mifavorita.com.pa\/2017\/wp-json\/wp\/v2\/media?parent=11313"}],"wp:term":[{"taxonomy":"category","embeddable":true,"href":"https:\/\/mifavorita.com.pa\/2017\/wp-json\/wp\/v2\/categories?post=11313"},{"taxonomy":"post_tag","embeddable":true,"href":"https:\/\/mifavorita.com.pa\/2017\/wp-json\/wp\/v2\/tags?post=11313"}],"curies":[{"name":"wp","href":"https:\/\/api.w.org\/{rel}","templated":true}]}}