{"id":11318,"date":"2024-04-23T00:18:54","date_gmt":"2024-04-23T00:18:54","guid":{"rendered":"https:\/\/mifavorita.com.pa\/2017\/?p=11318"},"modified":"2024-12-30T13:45:52","modified_gmt":"2024-12-30T13:45:52","slug":"panama-conmemora-el-dia-de-la-tierra-en-medio-de-graves-danos-ambientales","status":"publish","type":"post","link":"https:\/\/mifavorita.com.pa\/2017\/panama-conmemora-el-dia-de-la-tierra-en-medio-de-graves-danos-ambientales\/","title":{"rendered":"PANAM\u00c1 CONMEMORA EL D\u00cdA DE LA TIERRA EN MEDIO DE GRAVES DA\u00d1OS AMBIENTALES"},"content":{"rendered":"\n<p>DAMGELA DE LE\u00d3N<\/p>\n\n\n\n<p>Este lunes 22 de abril, Panam\u00e1 y todo el mundo, conmemoran el D\u00eda de la Tierra, fecha que busca recordar a cada ser humano, su responsabilidad con el \u00fanico lugar que tiene hasta el momento para vivir. Durante esta fecha, muchas escuelas en la provincia de Cocl\u00e9, aprovechan para realizar actividad que refuercen en los m\u00e1s peque\u00f1os este sentido de responsabilidad.<\/p>\n\n\n\n<p><br>El d\u00eda fue escogido por Naciones Unidas en la d\u00e9cada de 1970, y desde entonces se implementan iniciativas en todos los niveles de la sociedad para aminorar el impacto de la huella del humano sobre los recursos naturales.<\/p>\n\n\n\n<figure class=\"wp-block-image size-large\"><img fetchpriority=\"high\" decoding=\"async\" width=\"768\" height=\"1024\" src=\"https:\/\/mifavorita.com.pa\/2017\/wp-content\/uploads\/2024\/04\/unnamed-247400320974900547029-768x1024.jpg\" alt=\"\" class=\"wp-image-11316\" srcset=\"https:\/\/mifavorita.com.pa\/2017\/wp-content\/uploads\/2024\/04\/unnamed-247400320974900547029-768x1024.jpg 768w, https:\/\/mifavorita.com.pa\/2017\/wp-content\/uploads\/2024\/04\/unnamed-247400320974900547029-225x300.jpg 225w, https:\/\/mifavorita.com.pa\/2017\/wp-content\/uploads\/2024\/04\/unnamed-247400320974900547029-1152x1536.jpg 1152w, https:\/\/mifavorita.com.pa\/2017\/wp-content\/uploads\/2024\/04\/unnamed-247400320974900547029-1200x1600.jpg 1200w, https:\/\/mifavorita.com.pa\/2017\/wp-content\/uploads\/2024\/04\/unnamed-247400320974900547029.jpg 1500w\" sizes=\"(max-width: 768px) 100vw, 768px\" \/><\/figure>\n\n\n\n<p><br>Jos\u00e9 Mendoza, docente y ambientalista, indic\u00f3 que el ser humano debe comprender, que de la tierra depende nuestra supervivencia, ya que, al desgastarla, perder\u00edamos los medios para seguir en ella, adem\u00e1s que es importante destacar el compromiso que la ONU firm\u00f3 hace 3 a\u00f1os para la recuperaci\u00f3n de los ecosistemas, tanto marinos como terrestres.<\/p>\n\n\n\n<figure class=\"wp-block-image size-large\"><img decoding=\"async\" width=\"1024\" height=\"768\" src=\"https:\/\/mifavorita.com.pa\/2017\/wp-content\/uploads\/2024\/04\/unnamed-237141415994831920522-1024x768.jpg\" alt=\"\" class=\"wp-image-11317\" srcset=\"https:\/\/mifavorita.com.pa\/2017\/wp-content\/uploads\/2024\/04\/unnamed-237141415994831920522-1024x768.jpg 1024w, https:\/\/mifavorita.com.pa\/2017\/wp-content\/uploads\/2024\/04\/unnamed-237141415994831920522-300x225.jpg 300w, https:\/\/mifavorita.com.pa\/2017\/wp-content\/uploads\/2024\/04\/unnamed-237141415994831920522-768x576.jpg 768w, https:\/\/mifavorita.com.pa\/2017\/wp-content\/uploads\/2024\/04\/unnamed-237141415994831920522-1536x1152.jpg 1536w, https:\/\/mifavorita.com.pa\/2017\/wp-content\/uploads\/2024\/04\/unnamed-237141415994831920522-1200x900.jpg 1200w, https:\/\/mifavorita.com.pa\/2017\/wp-content\/uploads\/2024\/04\/unnamed-237141415994831920522-1980x1485.jpg 1980w, https:\/\/mifavorita.com.pa\/2017\/wp-content\/uploads\/2024\/04\/unnamed-237141415994831920522.jpg 2000w\" sizes=\"(max-width: 1024px) 100vw, 1024px\" \/><\/figure>\n\n\n\n<p><br>La provincia de Cocl\u00e9, especialmente, sufre constantemente al vivir las quemas en sus vertederos m\u00e1s grandes, la contaminaci\u00f3n de sus r\u00edos y quebradas que son la fuente del agua que consumen, temperaturas cada vez m\u00e1s insoportable, cambios en el clima que afectan sus producciones de alimentos, entre otros males, por ello, es importante este llamado a la reflexi\u00f3n para cambiar los m\u00e9todos de disposici\u00f3n de los desechos, usos de los recursos y educaci\u00f3n.<\/p>\n","protected":false},"excerpt":{"rendered":"<p>DAMGELA DE LE\u00d3N Este lunes 22 de abril, Panam\u00e1 y todo el mundo, conmemoran el D\u00eda de la Tierra, fecha que busca recordar a cada ser humano, su responsabilidad con el \u00fanico lugar que tiene hasta el momento para vivir. Durante esta fecha, muchas escuelas en la provincia de Cocl\u00e9, aprovechan para realizar actividad que [&hellip;]<\/p>\n","protected":false},"author":2,"featured_media":11315,"comment_status":"open","ping_status":"open","sticky":false,"template":"","format":"standard","meta":{"footnotes":""},"categories":[31,1],"tags":[],"class_list":["post-11318","post","type-post","status-publish","format-standard","has-post-thumbnail","hentry","category-ciencias","category-noticias"],"_links":{"self":[{"href":"https:\/\/mifavorita.com.pa\/2017\/wp-json\/wp\/v2\/posts\/11318","targetHints":{"allow":["GET"]}}],"collection":[{"href":"https:\/\/mifavorita.com.pa\/2017\/wp-json\/wp\/v2\/posts"}],"about":[{"href":"https:\/\/mifavorita.com.pa\/2017\/wp-json\/wp\/v2\/types\/post"}],"author":[{"embeddable":true,"href":"https:\/\/mifavorita.com.pa\/2017\/wp-json\/wp\/v2\/users\/2"}],"replies":[{"embeddable":true,"href":"https:\/\/mifavorita.com.pa\/2017\/wp-json\/wp\/v2\/comments?post=11318"}],"version-history":[{"count":1,"href":"https:\/\/mifavorita.com.pa\/2017\/wp-json\/wp\/v2\/posts\/11318\/revisions"}],"predecessor-version":[{"id":11319,"href":"https:\/\/mifavorita.com.pa\/2017\/wp-json\/wp\/v2\/posts\/11318\/revisions\/11319"}],"wp:featuredmedia":[{"embeddable":true,"href":"https:\/\/mifavorita.com.pa\/2017\/wp-json\/wp\/v2\/media\/11315"}],"wp:attachment":[{"href":"https:\/\/mifavorita.com.pa\/2017\/wp-json\/wp\/v2\/media?parent=11318"}],"wp:term":[{"taxonomy":"category","embeddable":true,"href":"https:\/\/mifavorita.com.pa\/2017\/wp-json\/wp\/v2\/categories?post=11318"},{"taxonomy":"post_tag","embeddable":true,"href":"https:\/\/mifavorita.com.pa\/2017\/wp-json\/wp\/v2\/tags?post=11318"}],"curies":[{"name":"wp","href":"https:\/\/api.w.org\/{rel}","templated":true}]}}