{"id":11321,"date":"2024-04-25T04:29:01","date_gmt":"2024-04-25T04:29:01","guid":{"rendered":"https:\/\/mifavorita.com.pa\/2017\/?p=11321"},"modified":"2024-12-30T13:48:31","modified_gmt":"2024-12-30T13:48:31","slug":"culminaran-mes-del-autismo-con-zumba-sensorial-en-penonome","status":"publish","type":"post","link":"https:\/\/mifavorita.com.pa\/2017\/culminaran-mes-del-autismo-con-zumba-sensorial-en-penonome\/","title":{"rendered":"CULMINAR\u00c1N MES DEL AUTISMO CON ZUMBA SENSORIAL EN PENONOM\u00c9"},"content":{"rendered":"\n<p>DAMGELA DE LE\u00d3N<\/p>\n\n\n\n<p>Con una zumba sensorial, se cerrar\u00e1 el mes del autismo el pr\u00f3ximo s\u00e1bado 27 de abril, en el gimnasio de la Escuela Sime\u00f3n Conte a las 7 de la noche. Este ser\u00e1 un evento completamente inclusivo y adaptado a las necesidades de los ni\u00f1os, j\u00f3venes y adultos con esta condici\u00f3n.<\/p>\n\n\n\n<p><br>\u2028La zumba ser\u00e1 dirigida por el instructor Eduardo Tito Laur\u00edn, y tendr\u00e1 tiempos medidos para las rutinas, sonidos agradables, luces y espacios para que las personas con autismo participen junto a sus familiares. Tambi\u00e9n se contar\u00e1 con espacio de hidrataci\u00f3n e iniciar\u00e1 puntual a las 7 de la noche para que no se requiera de espera.<\/p>\n\n\n\n<p><br>\u2028Marquelda Apolayo, docente de Educaci\u00f3n Especial, coment\u00f3 que es esencial que cada persona con esta u otra condici\u00f3n, pueda ser parte de la sociedad, por ello esta noche de zumba.\u2028La docente envi\u00f3 un mensaje a los padres de ni\u00f1os con alguna condici\u00f3n, ya que ella al ser una persona con baja visi\u00f3n, comprende lo complejo que es salir adelante, asimismo agradece a su madre y hermano por darle el apoyo suficiente.<\/p>\n\n\n\n<p><br>\u2028El mes del autismo busca cada a\u00f1o que las comunidades integren a las personas con esta condici\u00f3n, que se procure el derecho y se visibilicen. El espectro autista tiene diversos niveles, y suele presentarse desde los primeros a\u00f1os de vida de los individuos; se caracteriza por dificultades sociales, comunicativas, y por la creaci\u00f3n de rutinas o fijaci\u00f3n en alg\u00fan tema.<\/p>\n\n\n\n<p><\/p>\n\n\n\n<p><\/p>\n\n\n\n<p><\/p>\n","protected":false},"excerpt":{"rendered":"<p>DAMGELA DE LE\u00d3N Con una zumba sensorial, se cerrar\u00e1 el mes del autismo el pr\u00f3ximo s\u00e1bado 27 de abril, en el gimnasio de la Escuela Sime\u00f3n Conte a las 7 de la noche. Este ser\u00e1 un evento completamente inclusivo y adaptado a las necesidades de los ni\u00f1os, j\u00f3venes y adultos con esta condici\u00f3n. \u2028La zumba [&hellip;]<\/p>\n","protected":false},"author":2,"featured_media":11320,"comment_status":"open","ping_status":"open","sticky":false,"template":"","format":"standard","meta":{"footnotes":""},"categories":[17,1],"tags":[],"class_list":["post-11321","post","type-post","status-publish","format-standard","has-post-thumbnail","hentry","category-comunitaria","category-noticias"],"_links":{"self":[{"href":"https:\/\/mifavorita.com.pa\/2017\/wp-json\/wp\/v2\/posts\/11321","targetHints":{"allow":["GET"]}}],"collection":[{"href":"https:\/\/mifavorita.com.pa\/2017\/wp-json\/wp\/v2\/posts"}],"about":[{"href":"https:\/\/mifavorita.com.pa\/2017\/wp-json\/wp\/v2\/types\/post"}],"author":[{"embeddable":true,"href":"https:\/\/mifavorita.com.pa\/2017\/wp-json\/wp\/v2\/users\/2"}],"replies":[{"embeddable":true,"href":"https:\/\/mifavorita.com.pa\/2017\/wp-json\/wp\/v2\/comments?post=11321"}],"version-history":[{"count":2,"href":"https:\/\/mifavorita.com.pa\/2017\/wp-json\/wp\/v2\/posts\/11321\/revisions"}],"predecessor-version":[{"id":11338,"href":"https:\/\/mifavorita.com.pa\/2017\/wp-json\/wp\/v2\/posts\/11321\/revisions\/11338"}],"wp:featuredmedia":[{"embeddable":true,"href":"https:\/\/mifavorita.com.pa\/2017\/wp-json\/wp\/v2\/media\/11320"}],"wp:attachment":[{"href":"https:\/\/mifavorita.com.pa\/2017\/wp-json\/wp\/v2\/media?parent=11321"}],"wp:term":[{"taxonomy":"category","embeddable":true,"href":"https:\/\/mifavorita.com.pa\/2017\/wp-json\/wp\/v2\/categories?post=11321"},{"taxonomy":"post_tag","embeddable":true,"href":"https:\/\/mifavorita.com.pa\/2017\/wp-json\/wp\/v2\/tags?post=11321"}],"curies":[{"name":"wp","href":"https:\/\/api.w.org\/{rel}","templated":true}]}}